{"id":917,"date":"2019-01-29T12:10:08","date_gmt":"2019-01-29T11:10:08","guid":{"rendered":"https:\/\/oekosozial.at\/wien\/?p=917"},"modified":"2024-02-28T11:22:08","modified_gmt":"2024-02-28T10:22:08","slug":"workshopreihe-uno-ziele-fuer-nachhaltige-entwicklung-sdgs","status":"publish","type":"post","link":"https:\/\/oekosozial.at\/wien\/workshopreihe-uno-ziele-fuer-nachhaltige-entwicklung-sdgs\/","title":{"rendered":"Workshop-Reihe UNO-Ziele f\u00fcr Nachhaltige Entwicklung (SDGs)"},"content":{"rendered":"<div id=\"attachment_923\" style=\"width: 227px\" class=\"wp-caption alignleft\"><a href=\"https:\/\/oekosozial.at\/wien\/wp-content\/uploads\/sites\/4\/2019\/01\/VHS3_kursprogramm_20191129-SDGs.pdf\"><img loading=\"lazy\" decoding=\"async\" aria-describedby=\"caption-attachment-923\" class=\"wp-image-923 size-medium\" src=\"https:\/\/oekosozial.at\/wien\/wp-content\/uploads\/sites\/4\/2019\/01\/Grafik-VHS-Programm-217x300.jpg\" alt=\"\" width=\"217\" height=\"300\" srcset=\"https:\/\/oekosozial.at\/wien\/wp-content\/uploads\/sites\/4\/2019\/01\/Grafik-VHS-Programm-217x300.jpg 217w, https:\/\/oekosozial.at\/wien\/wp-content\/uploads\/sites\/4\/2019\/01\/Grafik-VHS-Programm-100x139.jpg 100w, https:\/\/oekosozial.at\/wien\/wp-content\/uploads\/sites\/4\/2019\/01\/Grafik-VHS-Programm.jpg 566w\" sizes=\"auto, (max-width: 217px) 100vw, 217px\" \/><\/a><p id=\"caption-attachment-923\" class=\"wp-caption-text\">Auszug aus dem Kursprogramm der VHS Landstra\u00dfe. Zum Vergr\u00f6\u00dfern bitte klicken. Links zur Website und zum gesamten Kursprogramm in pdf-Form unten.<\/p><\/div>\n<p>Die <strong>17 Ziele f\u00fcr nachhaltige Entwicklung (Sustainable Development Goals, kurz: SDGs)<\/strong> sind der derzeit wichtigste, auf der ganzen Welt bekannte Kompass in eine \u00f6kosoziale, inklusive und zukunftsfitte Welt. Die Ziele sind Teil der &#8222;Agenda 2030&#8220; &#8211; eines <em>&#8222;Aktionsplans f\u00fcr die Menschen, den Planeten und den Wohlstand&#8220;<\/em>, der in allen L\u00e4ndern der Welt umgesetzt werden soll. Ein <strong>gutes Leben f\u00fcr Alle in Menschenw\u00fcrde und Lebensqualit\u00e4t innerhalb der Belastbarkeitsgrenzen des Planeten <\/strong>ist die Vision \u2013 ohne Ausbeutung, und ohne dass wir f\u00fcr die Deckung unserer Bed\u00fcrfnisse die nat\u00fcrlichen Lebensgrundlagen f\u00fcr kommende Generationen unwiderbringlich zerst\u00f6ren. Die <strong>Herausforderungen sind gro\u00df &#8211; ebenso wie die Chancen<\/strong>. Ein Handeln auf allen Ebenen ist gefragt. Doch was bedeuten die &#8222;SDGs&#8220; f\u00fcr eine Stadt wie Wien und die Menschen, die in ihr leben? Und wie k\u00f6nnen wir die Ziele f\u00fcr eine Ver\u00e4nderung hin zum Besseren nutzen?<\/p>\n<p>In unserer <strong>4-teiligen Workshop-Reihe an der VHS Landstra\u00dfe <\/strong>stellen wir die Ziele f\u00fcr Nachhaltige Entwicklung gemeinsam mit renommierten Partnerorganisationen vor, diskutieren Handlungsm\u00f6glichkeiten und legen den Blick auf ausgew\u00e4hlte Themenbereiche &amp; Handlungsfelder im \u201eAlltag\u201c, die im Kontext der 17 Ziele besonders interessant und bedeutsam sind.<\/p>\n<hr>\n<p><span style=\"font-size: 12pt\">Freitag, 15. Februar 2019, 16.00-18.00 Uhr<\/span><\/p>\n<p><span style=\"font-size: 12pt;font-family: Georgia, Palatino;color: #008000\">Ich, mein Gr\u00e4tzel und das Jahr 2030 &#8211; Globale Herausforderungen und lokales Handeln f\u00fcr eine lebenswerte Zukunft <\/span><\/p>\n<p><span style=\"font-size: 12pt\">Am Auftaktabend unserer Veranstaltungsreihe besch\u00e4ftigen wir uns mit den UN-Zielen f\u00fcr nachhaltige Entwicklung (&#8222;SDGs&#8220;). Um diese 17 SDGs Wirklichkeit werden zu lassen, m\u00fcssen im eigenen Gr\u00e4tzel genauso die \u00c4rmel hochgekrempelt werden, wie auch auf Landes- und Bundesebene, sowie in der internationalen Politik. Wir betrachten daher sowohl lokale Handlungsm\u00f6glichkeiten f\u00fcr jede\/n von uns, als auch globale Aspekte der UN-Ziele f\u00fcr nachhaltige Entwicklung als Kompass f\u00fcr eine lebenswerte Zukunft.<\/span><\/p>\n<p><span style=\"font-size: 12pt\">Eine Kooperation von \u00d6kosoziales Forum Wien, <a href=\"https:\/\/www.vhs.at\/de\/e\/landstrasse\">VHS Landstra\u00dfe<\/a> und <a href=\"https:\/\/www.iufe.at\/\">IUFE &#8211; Institut f\u00fcr Umwelt, Frieden und Entwicklung<\/a>.<\/span><\/p>\n<ul>\n<li><span style=\"font-size: 12pt\"><a href=\"https:\/\/www.vhs.at\/de\/k\/273475290\">Link zu Veranstaltung (incl. Anmeldung)<\/a><\/span><\/li>\n<\/ul>\n<hr>\n<p><span style=\"font-size: 18pt;font-family: Georgia, Palatino\">Vorschau:<\/span><\/p>\n<p><span style=\"font-size: 12pt;font-family: Georgia, Palatino\">Freitag, 15. M\u00e4rz 2019, 16.00-18.00 Uhr<\/span><\/p>\n<p><span style=\"font-size: 14pt;font-family: Georgia, Palatino;color: #008000\">Globale Solidarit\u00e4t &#8211; ein Ende der Ausbeutung ist m\u00f6glich! <\/span><\/p>\n<p>Die globalen Produktionsweisen und Konsummuster basieren immer noch auf der Ausbeutung von Mensch und Natur. Das Resultat ist ein Wirtschaftssystem, das die nat\u00fcrlichen Ressourcen und menschliche Arbeitskraft in zerst\u00f6rerischer Art und Weise nutzt und nach wie vor nicht &#8222;nachhaltig&#8220; ist &#8211; also nicht von Dauer sein kann. Wir diskutieren die gro\u00dfen Umweltver\u00e4nderungen sowie die Ausbeutung von Arbeitskr\u00e4ften, analysieren diese beiden Problemstellungen und versuchen, zukunftsf\u00e4hige L\u00f6sungen zu ermitteln.<\/p>\n<p>Eine Kooperation von \u00d6kosoziales Forum Wien, <a href=\"https:\/\/www.vhs.at\/de\/e\/landstrasse\">VHS Landstra\u00dfe<\/a> und <a href=\"https:\/\/www.weltumspannend-arbeiten.at\/\">weltumspannend arbeiten &#8211; Der entwicklungspolitische Verein im \u00d6GB<\/a>.<\/p>\n<ul>\n<li><a href=\"https:\/\/www.vhs.at\/de\/k\/273475340\">Link zu Veranstaltung (incl. Anmeldung)<\/a><\/li>\n<\/ul>\n<p>&nbsp;<\/p>\n<p><span style=\"font-size: 12pt;font-family: Georgia, Palatino\">Freitag, 12. April 2019, 16.00-18.00 Uhr<\/span><\/p>\n<p><span style=\"font-size: 14pt;font-family: Georgia, Palatino;color: #008000\">Essen f\u00fcr eine bessere Welt!<\/span><\/p>\n<p>Unsere Ern\u00e4hrung war noch nie so weltweit vernetzt wie heute. Viele Lebensmittel werden unter ethisch und \u00f6kologisch bedenklichen Bedingungen produziert und energieintensiv verarbeitet, verpackt, quer \u00fcber den Globus verschifft, verkauft, verspeist &#8211; oder am Ende vielleicht sogar unverbraucht entsorgt. Mit dem Bewusstswerden der Problematik wird den Menschen eine neue, ethische Lebensmittelwirtschaft wichtiger. Wir betrachten an diesem Abend die globalen Herausforderungen aus der Perspektive unserer Ern\u00e4hrung und schauen auf gute Beispiele: von nachhaltigem Fischeinkauf \u00fcber Selbsternteinitiativen bis hin zur Lebensmittelweitergabe.<\/p>\n<p>Eine Kooperation von \u00d6kosoziales Forum Wien, <a href=\"https:\/\/www.vhs.at\/de\/e\/landstrasse\">VHS Landstra\u00dfe<\/a>, <a href=\"https:\/\/www.wien.gv.at\/umweltschutz\/\">MA22 &#8211; Wiener Umweltschutzabteilung<\/a> und <a href=\"https:\/\/www.wwf.at\/\">WWF \u00d6sterreich<\/a>.<\/p>\n<ul>\n<li><a href=\"https:\/\/www.vhs.at\/de\/k\/273475344\">Link zu Veranstaltung (incl. Anmeldung)<\/a><\/li>\n<\/ul>\n<p>&nbsp;<\/p>\n<p><span style=\"font-size: 12pt;font-family: Georgia, Palatino\">Freitag, 10. Mai 2019, 16.00-18.00 Uhr<\/span><\/p>\n<p><span style=\"font-size: 14pt;font-family: Georgia, Palatino;color: #008000\">Bildung f\u00fcr die Welt von morgen <\/span><\/p>\n<p>Die Welt von morgen wird im Heute gestaltet. Insbesondere jungen Menschen kommt hier eine au\u00dferordentliche Rolle zu. Bildung f\u00fcr eine nachhaltige Entwicklung &#8211; das ist daher mehr als Wissensvermittlung. Es geht darum, (junge) Menschen zu unterst\u00fctzen, mit Kopf, Herz und H\u00e4nden die Welt zu gestalten und Verantwortung zu \u00fcbernehmen. An diesem Abend befassen wir uns mit der Idee der Sparkling Moments ebenso wie mit Bildungsangeboten und &#8222;Erlebniskonzepten&#8220;, die wichtiges Wissen f\u00fcr eine nachhaltige Entwicklung erfahrbar machen.<\/p>\n<p>Eine Kooperation von \u00d6kosoziales Forum Wien, <a href=\"https:\/\/www.vhs.at\/de\/e\/landstrasse\">VHS Landstra\u00dfe<\/a>, <a href=\"http:\/\/www.wua-wien.at\/\">Wiener Umweltanwaltschaft<\/a> und <a href=\"http:\/\/forum-via.org\/de\/\">Forum Via &#8211; Sustainable Visions in Action<\/a>.<\/p>\n<ul>\n<li><a href=\"https:\/\/www.vhs.at\/de\/k\/273475356\">Link zu Veranstaltung (incl. Anmeldung)<\/a><\/li>\n<\/ul>\n<hr>\n<p><span style=\"font-size: 18pt;font-family: Georgia, Palatino\">Weiterlesen:<\/span><\/p>\n<p>Zur <a href=\"https:\/\/www.vhs.at\/de\/e\/landstrasse\">Website der VHS Landstra\u00dfe<\/a><\/p>\n<p>Mehr \u00fcber die UNO Ziele f\u00fcr Nachhaltige Entwicklung:<\/p>\n<ul>\n<li><a href=\"https:\/\/www.sdgwatch.at\/de\/\">SDG Watch Austria<\/a><\/li>\n<li><a href=\"http:\/\/www.unis.unvienna.org\/unis\/de\/topics\/sustainable_development_goals.html\">United Nations Information Service (UNIS) Vienna<\/a><\/li>\n<\/ul>\n<p>Wien und die globale Agenda 2030 f\u00fcr nachhaltige Entwicklung: <a href=\"https:\/\/www.wien.gv.at\/politik\/international\/sdgs.html\">Website der Stadt Wien.<\/a><\/p>\n<p>Agenda 2030 auf der <a href=\"https:\/\/www.staedtebund.gv.at\/themen\/agenda-2030-un-sdgs\/\">Website des \u00d6sterreichischen St\u00e4dtebundes<\/a><\/p>\n","protected":false},"excerpt":{"rendered":"<p>Die 17 Ziele f\u00fcr nachhaltige Entwicklung (Sustainable Development Goals, kurz: SDGs) sind der derzeit wichtigste, auf der ganzen Welt bekannte Kompass in eine \u00f6kosoziale, inklusive und zukunftsfitte Welt. Die Ziele sind Teil der &#8222;Agenda 2030&#8220; &#8211; eines &#8222;Aktionsplans f\u00fcr die Menschen, den Planeten und den Wohlstand&#8220;, der in allen L\u00e4ndern der Welt umgesetzt werden soll. Ein gutes Leben f\u00fcr Alle &#8230;<\/p>\n","protected":false},"author":24,"featured_media":922,"comment_status":"closed","ping_status":"closed","sticky":false,"template":"","format":"standard","meta":{"footnotes":""},"categories":[1,3],"tags":[],"class_list":["post-917","post","type-post","status-publish","format-standard","has-post-thumbnail","hentry","category-oekosoziales-forum-wien","category-veranstaltungen"],"_links":{"self":[{"href":"https:\/\/oekosozial.at\/wien\/wp-json\/wp\/v2\/posts\/917","targetHints":{"allow":["GET"]}}],"collection":[{"href":"https:\/\/oekosozial.at\/wien\/wp-json\/wp\/v2\/posts"}],"about":[{"href":"https:\/\/oekosozial.at\/wien\/wp-json\/wp\/v2\/types\/post"}],"author":[{"embeddable":true,"href":"https:\/\/oekosozial.at\/wien\/wp-json\/wp\/v2\/users\/24"}],"replies":[{"embeddable":true,"href":"https:\/\/oekosozial.at\/wien\/wp-json\/wp\/v2\/comments?post=917"}],"version-history":[{"count":10,"href":"https:\/\/oekosozial.at\/wien\/wp-json\/wp\/v2\/posts\/917\/revisions"}],"predecessor-version":[{"id":1705,"href":"https:\/\/oekosozial.at\/wien\/wp-json\/wp\/v2\/posts\/917\/revisions\/1705"}],"wp:featuredmedia":[{"embeddable":true,"href":"https:\/\/oekosozial.at\/wien\/wp-json\/wp\/v2\/media\/922"}],"wp:attachment":[{"href":"https:\/\/oekosozial.at\/wien\/wp-json\/wp\/v2\/media?parent=917"}],"wp:term":[{"taxonomy":"category","embeddable":true,"href":"https:\/\/oekosozial.at\/wien\/wp-json\/wp\/v2\/categories?post=917"},{"taxonomy":"post_tag","embeddable":true,"href":"https:\/\/oekosozial.at\/wien\/wp-json\/wp\/v2\/tags?post=917"}],"curies":[{"name":"wp","href":"https:\/\/api.w.org\/{rel}","templated":true}]}}