{"id":5997,"date":"2026-01-28T08:42:05","date_gmt":"2026-01-28T07:42:05","guid":{"rendered":"https:\/\/oekosozial.at\/wien\/?p=5997"},"modified":"2026-01-28T15:33:09","modified_gmt":"2026-01-28T14:33:09","slug":"kigapae-2026","status":"publish","type":"post","link":"https:\/\/oekosozial.at\/wien\/kigapae-2026\/","title":{"rendered":"Einladung zum Lehrgang: Kinder-Garten-P\u00e4dagogik 2026"},"content":{"rendered":"\n<p>Der <strong>Lehrgang &#8222;Kinder-Garten-P\u00e4dagogik&#8220;<\/strong> vermittelt in anwendungsbezogener Art und Weise praktische Fertigkeiten wie auch theoretisches Wissen rund um die Themen Garten, Natur\/Biodiversit\u00e4t und Lebensmittel\/Ern\u00e4hrung.&nbsp;Er wurde von der City Farm Augarten und dem \u00d6kosozialen Forum Wien entwickelt und wird seit 2021 und wurde seither nahezu j\u00e4hrlich (Sondersituation Corona) durchgef\u00fchrt.&nbsp;&nbsp;<\/p>\n\n\n\n<p>2026 findet der Lehrgang erstmals offen statt &#8211; die Anmeldung ist also erstmalig auch f\u00fcr Einzelpersonen m\u00f6glich. F\u00fcr Vereine \/ Organisationen stehen Kontingente zur Verf\u00fcgung, die gebucht werden k\u00f6nnen. <\/p>\n\n\n\n<ul class=\"wp-block-list\">\n<li>Einzelplatz (regul\u00e4r)<\/li>\n\n\n\n<li>Einzelplatz (Stipendium &#8211; begrenzt)<\/li>\n\n\n\n<li>Kontingente f\u00fcr Tr\u00e4ger, Vereine, Organisationen<\/li>\n<\/ul>\n\n\n\n<p>Durch praxisbezogene, gartenp\u00e4dagogische Kompetenzen sowie durch die F\u00f6rderung von Gartenprojekten vor Ort soll die allgemeine Entwicklung der Kinder\/Jugendlichen, ihre Naturbeziehung sowie ihr Ern\u00e4hrungsverhalten positiv beeinflusst werden.<\/p>\n\n\n\n<div class=\"wp-block-buttons is-layout-flex wp-block-buttons-is-layout-flex\">\n<div class=\"wp-block-button\"><a class=\"wp-block-button__link has-white-color has-text-color has-background has-link-color wp-element-button\" href=\"https:\/\/oekosozial.at\/wien\/was-wir-tun\/kinder-garten-paedagogik\/\" style=\"background-color:#94c11c\">Mehr erfahren<\/a><\/div>\n<\/div>\n\n\n\n<p><\/p>\n","protected":false},"excerpt":{"rendered":"<p>Der Lehrgang &#8222;Kinder-Garten-P\u00e4dagogik&#8220; vermittelt in anwendungsbezogener Art und Weise praktische Fertigkeiten wie auch theoretisches Wissen rund um die Themen Garten, Natur\/Biodiversit\u00e4t und Lebensmittel\/Ern\u00e4hrung.&nbsp;Er wurde von der City Farm Augarten und dem \u00d6kosozialen Forum Wien entwickelt und wird seit 2021 und wurde seither nahezu j\u00e4hrlich (Sondersituation Corona) durchgef\u00fchrt.&nbsp;&nbsp; 2026 findet der Lehrgang erstmals offen statt &#8211; die Anmeldung ist also erstmalig &#8230;<\/p>\n","protected":false},"author":24,"featured_media":6002,"comment_status":"closed","ping_status":"closed","sticky":false,"template":"","format":"standard","meta":{"footnotes":""},"categories":[1],"tags":[],"class_list":["post-5997","post","type-post","status-publish","format-standard","has-post-thumbnail","hentry","category-oekosoziales-forum-wien"],"_links":{"self":[{"href":"https:\/\/oekosozial.at\/wien\/wp-json\/wp\/v2\/posts\/5997","targetHints":{"allow":["GET"]}}],"collection":[{"href":"https:\/\/oekosozial.at\/wien\/wp-json\/wp\/v2\/posts"}],"about":[{"href":"https:\/\/oekosozial.at\/wien\/wp-json\/wp\/v2\/types\/post"}],"author":[{"embeddable":true,"href":"https:\/\/oekosozial.at\/wien\/wp-json\/wp\/v2\/users\/24"}],"replies":[{"embeddable":true,"href":"https:\/\/oekosozial.at\/wien\/wp-json\/wp\/v2\/comments?post=5997"}],"version-history":[{"count":3,"href":"https:\/\/oekosozial.at\/wien\/wp-json\/wp\/v2\/posts\/5997\/revisions"}],"predecessor-version":[{"id":6006,"href":"https:\/\/oekosozial.at\/wien\/wp-json\/wp\/v2\/posts\/5997\/revisions\/6006"}],"wp:featuredmedia":[{"embeddable":true,"href":"https:\/\/oekosozial.at\/wien\/wp-json\/wp\/v2\/media\/6002"}],"wp:attachment":[{"href":"https:\/\/oekosozial.at\/wien\/wp-json\/wp\/v2\/media?parent=5997"}],"wp:term":[{"taxonomy":"category","embeddable":true,"href":"https:\/\/oekosozial.at\/wien\/wp-json\/wp\/v2\/categories?post=5997"},{"taxonomy":"post_tag","embeddable":true,"href":"https:\/\/oekosozial.at\/wien\/wp-json\/wp\/v2\/tags?post=5997"}],"curies":[{"name":"wp","href":"https:\/\/api.w.org\/{rel}","templated":true}]}}