{"id":2472,"date":"2021-05-14T11:22:49","date_gmt":"2021-05-14T09:22:49","guid":{"rendered":"https:\/\/oekosozial.at\/wien\/?p=2472"},"modified":"2023-01-20T14:01:07","modified_gmt":"2023-01-20T13:01:07","slug":"kinderprogramm-2021-der-stadtnatur-auf-der-spur","status":"publish","type":"post","link":"https:\/\/oekosozial.at\/wien\/kinderprogramm-2021-der-stadtnatur-auf-der-spur\/","title":{"rendered":"Kinderprogramm 2021: Der Stadtnatur auf der Spur"},"content":{"rendered":"\n<p><strong><em>Liebe Kinder &#8211; entdeckt mit uns die Tiere und Pflanzen in Wien und ihre Lebensr\u00e4ume! Spannende Angebote mit Spiel und Spa\u00df und ein pers\u00f6nlicher Entdeckerpass warten auf euch.<\/em><\/strong><\/p>\n\n\n\n<p>* * * <\/p>\n\n\n\n<p>Auch Kinder mussten in den vergangenen Monaten sehr viel Zeit zu Hause verbringen. Wir freuen uns, dass wir gemeinsam mit f\u00fcnf anderen Umwelt- und Tierschutzorganisationen ein Programm f\u00fcr die kommenden Monate organisieren konnten, bei dem die Kinder nicht nur hinaus ins Freie k\u00f6nnen, sondern dort auch noch die Stadtnatur und die Tiere in Wien erleben und entdecken k\u00f6nnen. Wir sagen also: <\/p>\n\n\n\n<p><em>Herzlich willkommen zum Kinderprogramm&nbsp;<strong>\u201cDer Stadtnatur auf der Spur\u201d&nbsp;<\/strong>\u2013 einer Veranstaltungsreihe von Naturschutzbund Wien, Naturschutzjugend \u2013 Landesgruppe Wien, \u00d6kosozialem Forum Wien, Bio Forschung Austria, Wiener Umweltanwaltschaft und Tierschutzombudsstelle Wien!<\/em><\/p>\n\n\n\n<figure class=\"wp-block-image size-large\"><a href=\"https:\/\/oekosozial.at\/wien\/wp-content\/uploads\/sites\/4\/2021\/05\/21-05_Flyer_screen.pdf\"><img loading=\"lazy\" decoding=\"async\" width=\"1024\" height=\"730\" src=\"https:\/\/oekosozial.at\/wien\/wp-content\/uploads\/sites\/4\/2021\/05\/21-05_Flyer_Cover_screen-1024x730.jpg\" alt=\"\" class=\"wp-image-2479\" srcset=\"https:\/\/oekosozial.at\/wien\/wp-content\/uploads\/sites\/4\/2021\/05\/21-05_Flyer_Cover_screen-1024x730.jpg 1024w, https:\/\/oekosozial.at\/wien\/wp-content\/uploads\/sites\/4\/2021\/05\/21-05_Flyer_Cover_screen-300x214.jpg 300w, https:\/\/oekosozial.at\/wien\/wp-content\/uploads\/sites\/4\/2021\/05\/21-05_Flyer_Cover_screen-768x547.jpg 768w, https:\/\/oekosozial.at\/wien\/wp-content\/uploads\/sites\/4\/2021\/05\/21-05_Flyer_Cover_screen-1536x1095.jpg 1536w, https:\/\/oekosozial.at\/wien\/wp-content\/uploads\/sites\/4\/2021\/05\/21-05_Flyer_Cover_screen-100x71.jpg 100w, https:\/\/oekosozial.at\/wien\/wp-content\/uploads\/sites\/4\/2021\/05\/21-05_Flyer_Cover_screen-758x540.jpg 758w, https:\/\/oekosozial.at\/wien\/wp-content\/uploads\/sites\/4\/2021\/05\/21-05_Flyer_Cover_screen-968x690.jpg 968w, https:\/\/oekosozial.at\/wien\/wp-content\/uploads\/sites\/4\/2021\/05\/21-05_Flyer_Cover_screen.jpg 1790w\" sizes=\"auto, (max-width: 1024px) 100vw, 1024px\" \/><\/a><figcaption class=\"wp-element-caption\">Illustrationen: Ulrike Halvax<\/figcaption><\/figure>\n\n\n\n<p>Von den Feldhamstern in Meidling \u00fcber die Schmetterlinge im Donaupark bis zu den Krabbeltieren im Wald &#8211; das Programm &#8222;Der Stadtnatur auf der Spur&#8220; bietet vielf\u00e4ltige Aktivit\u00e4ten f\u00fcr Kinder von 5-12 Jahren. Details zu den Veranstaltungen und Anmeldeinformationen k\u00f6nnt ihr dem Programm entnehmen: <\/p>\n\n\n\n<p><a href=\"https:\/\/oekosozial.at\/wien\/wp-content\/uploads\/sites\/4\/2021\/05\/21-05_Flyer_screen.pdf\"><strong>Kinderprogramm 2021: &#8222;Der Stadtnatur auf der Spur&#8220;<\/strong><\/a><\/p>\n\n\n\n<p>Die Teilnahme ist kostenlos und in Anwesenheit einer erziehungsberechtigten Begleitperson unter Einhaltung der jeweils g\u00fcltigen Corona-Bestimmungen m\u00f6glich. Begrenzte Pl\u00e4tze. Altersgruppen laut Programm beachten.<\/p>\n\n\n\n<p><strong>Vormerkung f\u00fcr die Veranstaltungen unter:<\/strong><\/p>\n\n\n\n<p><a href=\"https:\/\/www.naturschutzbund-wien.at\/wp\/kinderprogramm_2021\/\">https:\/\/www.naturschutzbund-wien.at\/wp\/kinderprogramm_2021\/<\/a><\/p>\n\n\n\n<figure class=\"wp-block-image size-large\"><img loading=\"lazy\" decoding=\"async\" width=\"1024\" height=\"150\" src=\"https:\/\/oekosozial.at\/wien\/wp-content\/uploads\/sites\/4\/2021\/05\/Eine-Veranstaltungsreihe-von-1024x150.png\" alt=\"\" class=\"wp-image-2482\" srcset=\"https:\/\/oekosozial.at\/wien\/wp-content\/uploads\/sites\/4\/2021\/05\/Eine-Veranstaltungsreihe-von-1024x150.png 1024w, https:\/\/oekosozial.at\/wien\/wp-content\/uploads\/sites\/4\/2021\/05\/Eine-Veranstaltungsreihe-von-300x44.png 300w, https:\/\/oekosozial.at\/wien\/wp-content\/uploads\/sites\/4\/2021\/05\/Eine-Veranstaltungsreihe-von-768x113.png 768w, https:\/\/oekosozial.at\/wien\/wp-content\/uploads\/sites\/4\/2021\/05\/Eine-Veranstaltungsreihe-von-100x15.png 100w, https:\/\/oekosozial.at\/wien\/wp-content\/uploads\/sites\/4\/2021\/05\/Eine-Veranstaltungsreihe-von-758x111.png 758w, https:\/\/oekosozial.at\/wien\/wp-content\/uploads\/sites\/4\/2021\/05\/Eine-Veranstaltungsreihe-von-968x142.png 968w, https:\/\/oekosozial.at\/wien\/wp-content\/uploads\/sites\/4\/2021\/05\/Eine-Veranstaltungsreihe-von.png 1444w\" sizes=\"auto, (max-width: 1024px) 100vw, 1024px\" \/><\/figure>\n\n\n\n<p>#stadtnaturpur #derstadtnaturaufderspur #kinderandiemacht #diezukunftgeh\u00f6rtunserenkindern<\/p>\n","protected":false},"excerpt":{"rendered":"<p>Liebe Kinder &#8211; entdeckt mit uns die Tiere und Pflanzen in Wien und ihre Lebensr\u00e4ume! Spannende Angebote mit Spiel und Spa\u00df und ein pers\u00f6nlicher Entdeckerpass warten auf euch. * * * Auch Kinder mussten in den vergangenen Monaten sehr viel Zeit zu Hause verbringen. Wir freuen uns, dass wir gemeinsam mit f\u00fcnf anderen Umwelt- und Tierschutzorganisationen ein Programm f\u00fcr die &#8230;<\/p>\n","protected":false},"author":24,"featured_media":2473,"comment_status":"closed","ping_status":"closed","sticky":false,"template":"","format":"standard","meta":{"footnotes":""},"categories":[24],"tags":[],"class_list":["post-2472","post","type-post","status-publish","format-standard","has-post-thumbnail","hentry","category-stadtnatur"],"_links":{"self":[{"href":"https:\/\/oekosozial.at\/wien\/wp-json\/wp\/v2\/posts\/2472","targetHints":{"allow":["GET"]}}],"collection":[{"href":"https:\/\/oekosozial.at\/wien\/wp-json\/wp\/v2\/posts"}],"about":[{"href":"https:\/\/oekosozial.at\/wien\/wp-json\/wp\/v2\/types\/post"}],"author":[{"embeddable":true,"href":"https:\/\/oekosozial.at\/wien\/wp-json\/wp\/v2\/users\/24"}],"replies":[{"embeddable":true,"href":"https:\/\/oekosozial.at\/wien\/wp-json\/wp\/v2\/comments?post=2472"}],"version-history":[{"count":8,"href":"https:\/\/oekosozial.at\/wien\/wp-json\/wp\/v2\/posts\/2472\/revisions"}],"predecessor-version":[{"id":3580,"href":"https:\/\/oekosozial.at\/wien\/wp-json\/wp\/v2\/posts\/2472\/revisions\/3580"}],"wp:featuredmedia":[{"embeddable":true,"href":"https:\/\/oekosozial.at\/wien\/wp-json\/wp\/v2\/media\/2473"}],"wp:attachment":[{"href":"https:\/\/oekosozial.at\/wien\/wp-json\/wp\/v2\/media?parent=2472"}],"wp:term":[{"taxonomy":"category","embeddable":true,"href":"https:\/\/oekosozial.at\/wien\/wp-json\/wp\/v2\/categories?post=2472"},{"taxonomy":"post_tag","embeddable":true,"href":"https:\/\/oekosozial.at\/wien\/wp-json\/wp\/v2\/tags?post=2472"}],"curies":[{"name":"wp","href":"https:\/\/api.w.org\/{rel}","templated":true}]}}