{"id":86,"date":"2013-10-28T13:51:14","date_gmt":"2013-10-28T12:51:14","guid":{"rendered":"https:\/\/oekosozial.at\/steiermark\/?p=86"},"modified":"2017-11-29T12:44:15","modified_gmt":"2017-11-29T11:44:15","slug":"podiumsdiskussion-in-graz","status":"publish","type":"post","link":"https:\/\/oekosozial.at\/steiermark\/podiumsdiskussion-in-graz\/","title":{"rendered":"Podiumsdiskussion in Graz"},"content":{"rendered":"<div id=\"c85210\" class=\"csc-default\">\n<p><strong>Die Zukunft ist nicht nur eine Herausforderung, sondern vielmehr ein Auftrag, den die heutige Generation zum Wohle der n\u00e4chsten bestm\u00f6glich erf\u00fcllen muss. \u00dcber die Notwendigkeit die Weichen f\u00fcr eine nachhaltige Zukunft zu stellen, waren sich alle Referenten, die im Meerscheinschl\u00f6ssl auf Einladung des RCE Graz-Styria und des \u00d6kosozialen Forums Steiermark am Podium vertreten waren, einig.<\/strong><\/p>\n<\/div>\n<div id=\"c84866\" class=\"csc-default\">\n<p class=\"bodytext\">(Graz, 28. Oktober 2013) Vor dem Hintergrund wachsender sozialer Spannungen zwischen Arm und Reich, einem besorgniserregenden Raubbau an Ressourcen und einer \u00fcberaus labilen Weltwirtschaft konnten die Diskutanten aus Politik und Wissenschaft dem Publikum Einblick in deren Sichtweisen geben und Ideen mit auf den Weg geben. Eine solche ist jene der \u00d6kosozialen Marktwirtschaft, die vom Wachstumsparadigma weggeht und neue Formen des Wirtschaftens f\u00f6rdern will.<\/p>\n<p class=\"bodytext\">Vizerektor Mag. Dr. Peter Riedler verwies in seiner Er\u00f6ffnungsrede auf die Verantwortung der Universit\u00e4t Graz und deren Programm zur Umsetzung verschiedener Ma\u00dfnahmen etwa im Zuge des Neubaus des Chemiegeb\u00e4udes mit einer Solarthermieanlage. B\u00fcrgermeister Mag. Siegfried Nagl spannte den Bogen vom Konzept der \u00d6kosozialen Marktwirtschaft hin zur aktuellen Politik und betonte die Schwierigkeiten in der Umsetzung aufgrund diverser Interessenskonflikte wie sie am Beispiel des \u00f6ffentlichen Verkehrs ersichtlich werden.<\/p>\n<p class=\"bodytext\">O. Univ.-Prof. Dr. Friedrich Zimmermann, Leiter des Instituts f\u00fcr Geographie und Raumforschung sowie des Regional Centre of Expertise (RCE) Graz-Styria an der Universit\u00e4t Graz, und der weltweit anerkannte Vordenker Prof. DDr. Franz-Josef Radermacher von der Universit\u00e4t Ulm, skizzierten den wissenschaftlichen Zugang zum Thema. Prof. Zimmermann stellte das RCE Graz-Styria vor und ging auf die Wechselwirkung zwischen Gesellschaft und Wissenschaft ein, wobei in dieser Beziehung gegenseitiger Respekt und Austausch entscheidend seien. Er verwies auf das internationale Netzwerk der RCE, welches das R\u00fcckgrat f\u00fcr deren Aktivit\u00e4ten bildet (\u201eglobal denken, lokal handeln\u201c) und verdeutlichte anhand zweier Projekte die wichtige Rolle der Bildung im Zusammenhang mit nachhaltiger Entwicklung.<\/p>\n<p class=\"bodytext\">Prof. Radermacher adressierte in seinem pointierten Vortrag die Probleme der heutigen Zeit. So hielt er etwa fest, dass eine R\u00fcckkehr zu einem Leben als J\u00e4ger und Sammler keinesfalls eine L\u00f6sung f\u00fcr 10 Milliarden Menschen im Jahre 2050 darstellen k\u00f6nne und, dass \u2013 wenig \u00fcberraschend \u2013 eine Abkehr von der Nutzung fossiler Rohstoffe dringend n\u00f6tig sei. Als Verfechter der \u00d6kosozialen Marktwirtschaft hob er den Einsatz vom \u201eVater\u201c dieser Idee und Ehrenpr\u00e4sidenten des \u00d6kosoziales Forums, DI Dr. h.c. Josef Riegler, hervor und betonte, Vorreiter des Kapitalismus seien mit dem Nobelpreis bedacht worden, gleichzeitig habe der Gedanke der \u00d6kosozialen Marktwirtschaft aber noch zu wenig Anerkennung erhalten.<\/p>\n<p class=\"bodytext\">Prof. Dkfm. Ernst Scheiber stellte im Rahmen der Veranstaltung sein neues Buch \u201eZukunft als Auftrag\u201c vor, in dem u.a. auch Prof. Radermacher zu Wort kommt. Durch die Vielzahl an MitautorInnen deckt das Buch zahlreiche Sichtweisen und Zug\u00e4nge ab und kann Interessierten einen guten Einblick zum Thema geben.<\/p>\n<p class=\"bodytext\">Durch die Veranstaltung f\u00fchrte der Gesch\u00e4ftsf\u00fchrer des \u00d6kosozialen Forums Steiermark, Mag. Christian K\u00f6berl, der abschlie\u00dfend zufrieden Bilanz ziehen konnte und nochmals auf die Verantwortung jedes Einzelnen f\u00fcr unser aller Zukunft hinwies. Das Konzept der \u00d6kosozialen Marktwirtschaft hat in jedem Fall Zukunft und kann dazu beitragen, eben jene positiv zu gestalten.<\/p>\n<\/div>\n","protected":false},"excerpt":{"rendered":"<p>Die Zukunft ist nicht nur eine Herausforderung, sondern vielmehr ein Auftrag, den die heutige Generation zum Wohle der n\u00e4chsten bestm\u00f6glich erf\u00fcllen muss. \u00dcber die Notwendigkeit die Weichen f\u00fcr eine nachhaltige Zukunft zu stellen, waren sich alle Referenten, die im Meerscheinschl\u00f6ssl auf Einladung des RCE Graz-Styria und des \u00d6kosozialen Forums Steiermark am Podium vertreten waren, einig. (Graz, 28. Oktober 2013) Vor &#8230;<\/p>\n","protected":false},"author":21,"featured_media":152,"comment_status":"closed","ping_status":"closed","sticky":false,"template":"","format":"standard","meta":{"footnotes":""},"categories":[1],"tags":[],"class_list":["post-86","post","type-post","status-publish","format-standard","has-post-thumbnail","hentry","category-allgemein"],"_links":{"self":[{"href":"https:\/\/oekosozial.at\/steiermark\/wp-json\/wp\/v2\/posts\/86","targetHints":{"allow":["GET"]}}],"collection":[{"href":"https:\/\/oekosozial.at\/steiermark\/wp-json\/wp\/v2\/posts"}],"about":[{"href":"https:\/\/oekosozial.at\/steiermark\/wp-json\/wp\/v2\/types\/post"}],"author":[{"embeddable":true,"href":"https:\/\/oekosozial.at\/steiermark\/wp-json\/wp\/v2\/users\/21"}],"replies":[{"embeddable":true,"href":"https:\/\/oekosozial.at\/steiermark\/wp-json\/wp\/v2\/comments?post=86"}],"version-history":[{"count":1,"href":"https:\/\/oekosozial.at\/steiermark\/wp-json\/wp\/v2\/posts\/86\/revisions"}],"predecessor-version":[{"id":88,"href":"https:\/\/oekosozial.at\/steiermark\/wp-json\/wp\/v2\/posts\/86\/revisions\/88"}],"wp:featuredmedia":[{"embeddable":true,"href":"https:\/\/oekosozial.at\/steiermark\/wp-json\/wp\/v2\/media\/152"}],"wp:attachment":[{"href":"https:\/\/oekosozial.at\/steiermark\/wp-json\/wp\/v2\/media?parent=86"}],"wp:term":[{"taxonomy":"category","embeddable":true,"href":"https:\/\/oekosozial.at\/steiermark\/wp-json\/wp\/v2\/categories?post=86"},{"taxonomy":"post_tag","embeddable":true,"href":"https:\/\/oekosozial.at\/steiermark\/wp-json\/wp\/v2\/tags?post=86"}],"curies":[{"name":"wp","href":"https:\/\/api.w.org\/{rel}","templated":true}]}}