{"id":295,"date":"2023-02-01T19:07:14","date_gmt":"2023-02-01T18:07:14","guid":{"rendered":"https:\/\/oekosozial.at\/steiermark\/?p=295"},"modified":"2023-02-01T19:09:22","modified_gmt":"2023-02-01T18:09:22","slug":"biomasse-kann-mehr-wenn-sie-richtig-eingesetzt-wird","status":"publish","type":"post","link":"https:\/\/oekosozial.at\/steiermark\/biomasse-kann-mehr-wenn-sie-richtig-eingesetzt-wird\/","title":{"rendered":"Biomasse kann mehr &#8211; wenn sie richtig eingesetzt wird!"},"content":{"rendered":"\n<p>Ein Umdenken ist in unserer Klimapolitik rasch notwenig. Das Ziel ist klar und eindeutig: Wir m\u00fcssen weg von einer linearen Wirtschaftsweise, hin zu mehr Kreislaufwirtschaft und einer nachhaltigen Bio\u00f6konomie.<\/p>\n\n\n\n<p>Nur mit nachhaltigen Rohstoffen, die aus forst- und landwirtschaftlichen Betrieben kommen, lassen sich neue Herausforderungen bew\u00e4ltigen. Denn der verschwenderische Umgang mit nicht nachhaltigen Ressourcen; ist im Jahre 2023 nicht mehr tragbar &#8211; ein Umdenken ist also begr\u00fc\u00dfenswert.<\/p>\n\n\n\n<p>In der beiliegenden Publikation des Bundesministeriums f\u00fcr Land- und Forstwirtschaft, unter der Leitung von Mag. Norbert Totschnig, werden innovative Ans\u00e4tze und Verwertungsm\u00f6glichkeiten von Biomasse und aktuelle Forschungsans\u00e4tze vorgestellt.<br>Danke f\u00fcr die gro\u00dfartige Ausarbeitung. So kommen wir an unser Ziel!<\/p>\n\n\n\n<p>Ein kurzer Blick lohnt sich!<br>Link dazu: https:\/\/oekosozial.at\/wp-content\/uploads\/2022\/12\/20221222_factsheet_2_2022-2.pdf<\/p>\n","protected":false},"excerpt":{"rendered":"<p>Ein Umdenken ist in unserer Klimapolitik rasch notwenig. Das Ziel ist klar und eindeutig: Wir m\u00fcssen weg von einer linearen Wirtschaftsweise, hin zu mehr Kreislaufwirtschaft und einer nachhaltigen Bio\u00f6konomie. Nur mit nachhaltigen Rohstoffen, die aus forst- und landwirtschaftlichen Betrieben kommen, lassen sich neue Herausforderungen bew\u00e4ltigen. Denn der verschwenderische Umgang mit nicht nachhaltigen Ressourcen; ist im Jahre 2023 nicht mehr tragbar &#8230;<\/p>\n","protected":false},"author":24793,"featured_media":298,"comment_status":"closed","ping_status":"closed","sticky":false,"template":"","format":"standard","meta":{"footnotes":""},"categories":[1],"tags":[],"class_list":["post-295","post","type-post","status-publish","format-standard","has-post-thumbnail","hentry","category-allgemein"],"_links":{"self":[{"href":"https:\/\/oekosozial.at\/steiermark\/wp-json\/wp\/v2\/posts\/295","targetHints":{"allow":["GET"]}}],"collection":[{"href":"https:\/\/oekosozial.at\/steiermark\/wp-json\/wp\/v2\/posts"}],"about":[{"href":"https:\/\/oekosozial.at\/steiermark\/wp-json\/wp\/v2\/types\/post"}],"author":[{"embeddable":true,"href":"https:\/\/oekosozial.at\/steiermark\/wp-json\/wp\/v2\/users\/24793"}],"replies":[{"embeddable":true,"href":"https:\/\/oekosozial.at\/steiermark\/wp-json\/wp\/v2\/comments?post=295"}],"version-history":[{"count":1,"href":"https:\/\/oekosozial.at\/steiermark\/wp-json\/wp\/v2\/posts\/295\/revisions"}],"predecessor-version":[{"id":297,"href":"https:\/\/oekosozial.at\/steiermark\/wp-json\/wp\/v2\/posts\/295\/revisions\/297"}],"wp:featuredmedia":[{"embeddable":true,"href":"https:\/\/oekosozial.at\/steiermark\/wp-json\/wp\/v2\/media\/298"}],"wp:attachment":[{"href":"https:\/\/oekosozial.at\/steiermark\/wp-json\/wp\/v2\/media?parent=295"}],"wp:term":[{"taxonomy":"category","embeddable":true,"href":"https:\/\/oekosozial.at\/steiermark\/wp-json\/wp\/v2\/categories?post=295"},{"taxonomy":"post_tag","embeddable":true,"href":"https:\/\/oekosozial.at\/steiermark\/wp-json\/wp\/v2\/tags?post=295"}],"curies":[{"name":"wp","href":"https:\/\/api.w.org\/{rel}","templated":true}]}}