{"id":972,"date":"2024-02-09T09:25:11","date_gmt":"2024-02-09T08:25:11","guid":{"rendered":"https:\/\/oekosozial.at\/oberoesterreich\/?p=972"},"modified":"2024-03-18T09:46:47","modified_gmt":"2024-03-18T08:46:47","slug":"19-03-2024-holz-ist-bau-kultur","status":"publish","type":"post","link":"https:\/\/oekosozial.at\/oberoesterreich\/19-03-2024-holz-ist-bau-kultur\/","title":{"rendered":"19.03.2024: Holz ist (Bau-)Kultur"},"content":{"rendered":"\n<div class=\"wp-block-group is-layout-constrained wp-block-group-is-layout-constrained\">\n<div class=\"wp-block-columns is-layout-flex wp-container-core-columns-is-layout-9d6595d7 wp-block-columns-is-layout-flex\">\n<div class=\"wp-block-column is-layout-flow wp-block-column-is-layout-flow\"><\/div>\n\n\n\n<div class=\"wp-block-column is-layout-flow wp-block-column-is-layout-flow\" style=\"flex-basis:70%\">\n<h2 class=\"wp-block-heading\">\u00d6kosoziale Ideen und Musikgenuss in einem au\u00dfergew\u00f6hnlichen Ambiente<\/h2>\n\n\n\n<p>Wissensvermittlung, Musikgenuss und \u00f6kosoziale Ideen vereint zu einem au\u00dfergew\u00f6hnlichen Abend in beeindruckender Kulisse. Wir freuen uns auf Sie!<\/p>\n\n\n\n<p><strong>Dienstag, 19. M\u00e4rz 2024, 18.00 Uhr<\/strong><\/p>\n\n\n\n<p class=\"has-small-font-size\">WIEHAG Timber Construction GmbH, &nbsp;<\/p>\n\n\n\n<p class=\"has-small-font-size\">Wiehag Stra\u00dfe 10, 4950 Altheim<\/p>\n\n\n\n<p class=\"has-medium-font-size\">Leider ist die Veranstaltung bereits ausgebucht. Sie k\u00f6nnen uns gerne ein E-Mail schreiben unter <a href=\"mailto:oberoesterreich@oekosozialesforum.at\">oberoesterreich@oekosozialesforum.at<\/a>&nbsp;<br>Falls ein Platz frei wird, kontaktieren wir Sie gerne.<\/p>\n\n\n\n<div class=\"wp-block-buttons is-layout-flex wp-block-buttons-is-layout-flex\"><\/div>\n<\/div>\n<\/div>\n<\/div>\n\n\n\n<div style=\"height:50px\" aria-hidden=\"true\" class=\"wp-block-spacer\"><\/div>\n\n\n\n<div class=\"wp-block-columns is-layout-flex wp-container-core-columns-is-layout-9d6595d7 wp-block-columns-is-layout-flex\">\n<div class=\"wp-block-column is-layout-flow wp-block-column-is-layout-flow\">\n<div class=\"wp-block-columns is-layout-flex wp-container-core-columns-is-layout-9d6595d7 wp-block-columns-is-layout-flex\">\n<div class=\"wp-block-column is-layout-flow wp-block-column-is-layout-flow\">\n<div class=\"wp-block-columns is-layout-flex wp-container-core-columns-is-layout-9d6595d7 wp-block-columns-is-layout-flex\">\n<div class=\"wp-block-column is-layout-flow wp-block-column-is-layout-flow\">\n<p><\/p>\n\n\n\n<h3 class=\"wp-block-heading has-black-color has-text-color\"><strong>PROGRAMM<\/strong><\/h3>\n\n\n\n<p class=\"has-black-color has-text-color has-small-font-size\">18:00 Uhr: <strong>Begr\u00fc\u00dfung<\/strong> &#8211; Anni Pichler, Gesch\u00e4ftsf\u00fchrerin \u00d6kosoziales Forum Ober\u00f6sterreich<\/p>\n\n\n\n<p class=\"has-black-color has-text-color has-small-font-size\">18:15 Uhr: <strong>Wiehag Timber Construction \u2013 Holzbaul\u00f6sungen f\u00fcr Geb\u00e4ude-Ideen auf der ganzen Welt<\/strong><br>Erich Wiesner, CEO Wiehag Timber Construction<\/p>\n\n\n\n<p class=\"has-black-color has-text-color has-small-font-size\">18:30 Uhr: <strong>Kultur und Lebensqualit\u00e4t: <\/strong><br>Ensemble &#8222;SINFONIETTA des O\u00f6. Landesmusikschulwerks&#8220; <\/p>\n\n\n\n<p class=\"has-black-color has-text-color has-small-font-size\">Karl Geroldinger, Direktor des ober\u00f6sterreichischen Landesmusikschulwerks<\/p>\n\n\n\n<p class=\"has-black-color has-text-color has-small-font-size\">19:00 Uhr: <strong>Hauptreferat: Der Stoff, aus dem wir Zukunft bauen<\/strong><br>Hans Joachim Schellnhuber, \u00a0Generaldirektor des Internationalen Instituts f\u00fcr angewandte Systemanalyse (IIASA), Laxenburg\u00a0<\/p>\n\n\n\n<p class=\"has-black-color has-text-color has-small-font-size\">19:45 Uhr: <strong>Zusammenfassung und Ausblick<\/strong><br>Max Hiegelsberger, &nbsp;O\u00d6. Landtagspr\u00e4sident und Obmann des \u00d6kosozialen Forums O\u00d6&nbsp;<\/p>\n\n\n\n<p class=\"has-black-color has-text-color has-small-font-size\">20:00 Uhr: Ausklang bei Br\u00f6tchen, Wein und Bier<\/p>\n\n\n\n<h3 class=\"wp-block-heading\"><\/h3>\n<\/div>\n\n\n\n<div class=\"wp-block-column is-layout-flow wp-block-column-is-layout-flow\">\n<p><\/p>\n\n\n\n<h3 class=\"wp-block-heading has-black-color has-text-color\">Prof. Dr. Dr. h.c. mult. Hans Joachim Schellnhuber<\/h3>\n\n\n\n<figure class=\"wp-block-image size-large\"><img loading=\"lazy\" decoding=\"async\" width=\"1559\" height=\"2080\" src=\"https:\/\/oekosozial.at\/oberoesterreich\/wp-content\/uploads\/sites\/5\/2024\/02\/Hans-Joachim-Schellnhuber-Portrait_4-edited.jpg\" alt=\"\" class=\"wp-image-975\" srcset=\"https:\/\/oekosozial.at\/oberoesterreich\/wp-content\/uploads\/sites\/5\/2024\/02\/Hans-Joachim-Schellnhuber-Portrait_4-edited.jpg 1559w, https:\/\/oekosozial.at\/oberoesterreich\/wp-content\/uploads\/sites\/5\/2024\/02\/Hans-Joachim-Schellnhuber-Portrait_4-edited-225x300.jpg 225w, https:\/\/oekosozial.at\/oberoesterreich\/wp-content\/uploads\/sites\/5\/2024\/02\/Hans-Joachim-Schellnhuber-Portrait_4-edited-768x1025.jpg 768w, https:\/\/oekosozial.at\/oberoesterreich\/wp-content\/uploads\/sites\/5\/2024\/02\/Hans-Joachim-Schellnhuber-Portrait_4-edited-1151x1536.jpg 1151w, https:\/\/oekosozial.at\/oberoesterreich\/wp-content\/uploads\/sites\/5\/2024\/02\/Hans-Joachim-Schellnhuber-Portrait_4-edited-1535x2048.jpg 1535w, https:\/\/oekosozial.at\/oberoesterreich\/wp-content\/uploads\/sites\/5\/2024\/02\/Hans-Joachim-Schellnhuber-Portrait_4-edited-100x133.jpg 100w, https:\/\/oekosozial.at\/oberoesterreich\/wp-content\/uploads\/sites\/5\/2024\/02\/Hans-Joachim-Schellnhuber-Portrait_4-edited-758x1011.jpg 758w, https:\/\/oekosozial.at\/oberoesterreich\/wp-content\/uploads\/sites\/5\/2024\/02\/Hans-Joachim-Schellnhuber-Portrait_4-edited-968x1291.jpg 968w\" sizes=\"auto, (max-width: 1559px) 100vw, 1559px\" \/><figcaption class=\"wp-element-caption\">Quelle: Matthias Silveri, IIASA<\/figcaption><\/figure>\n\n\n\n<p class=\"has-small-font-size\">\u201eWir k\u00f6nnen uns mit Holz aus der Klimakrise herausbauen\u201c, lautet das Credo des deutschen Klimaforschers Hans Joachim Schellnhuber. Er geh\u00f6rt zu den weltweit renommiertesten Klimaexperten und ist seit Dezember 2023 Generaldirektor des Internationalen Instituts f\u00fcr angewandte Systemanalyse (IIASA) in Laxenburg, Nieder\u00f6sterreich. Der Klimaforscher leitete u.a. von 1992 bis 2018 als Gr\u00fcndungsdirektor das Potsdam-Institut f\u00fcr Klimafolgenforschung (PIK) und war von 2009 bis 2016 Vorsitzender des Wissenschaftlichen Beirats der deutschen Bundesregierung. Seit 2019 fokussiert Schellnhuber seine wissenschaftliche Arbeit auf die Transformation der gebauten Umwelt und das Klimasanierungspotenzial regenerativer Architektur. Er ist Gr\u00fcnder von Bauhaus Erde und Mitglied des New European Bauhaus High- Level Roundtable.&nbsp;<\/p>\n\n\n\n<h3 class=\"wp-block-heading\"><strong>Ensemble Sinfonietta des O\u00f6. Landesmusikschulwerks<\/strong><\/h3>\n\n\n\n<p><em>Richard Strauss \u2013 Serenade op.7<\/em><\/p>\n\n\n\n<p><em>Charles Gounod \u2013 Kleine Sinfonie f\u00fcr Bl\u00e4ser<\/em><\/p>\n\n\n\n<p><em>Anton Bruckner \u2013 <\/em>Tantum Ergo<\/p>\n\n\n\n<p><em>Jan Baptist Neruda \u2013 Trompetenkonzert<\/em> <\/p>\n\n\n\n<p>Solist: Fabian Huemer<\/p>\n\n\n\n<figure class=\"wp-block-image size-large\"><img loading=\"lazy\" decoding=\"async\" width=\"1024\" height=\"683\" src=\"https:\/\/oekosozial.at\/oberoesterreich\/wp-content\/uploads\/sites\/5\/2024\/02\/DSC07086-1024x683.jpg\" alt=\"\" class=\"wp-image-973\" srcset=\"https:\/\/oekosozial.at\/oberoesterreich\/wp-content\/uploads\/sites\/5\/2024\/02\/DSC07086-1024x683.jpg 1024w, https:\/\/oekosozial.at\/oberoesterreich\/wp-content\/uploads\/sites\/5\/2024\/02\/DSC07086-300x200.jpg 300w, https:\/\/oekosozial.at\/oberoesterreich\/wp-content\/uploads\/sites\/5\/2024\/02\/DSC07086-768x512.jpg 768w, https:\/\/oekosozial.at\/oberoesterreich\/wp-content\/uploads\/sites\/5\/2024\/02\/DSC07086-1536x1024.jpg 1536w, https:\/\/oekosozial.at\/oberoesterreich\/wp-content\/uploads\/sites\/5\/2024\/02\/DSC07086-2048x1366.jpg 2048w, https:\/\/oekosozial.at\/oberoesterreich\/wp-content\/uploads\/sites\/5\/2024\/02\/DSC07086-100x67.jpg 100w, https:\/\/oekosozial.at\/oberoesterreich\/wp-content\/uploads\/sites\/5\/2024\/02\/DSC07086-758x505.jpg 758w, https:\/\/oekosozial.at\/oberoesterreich\/wp-content\/uploads\/sites\/5\/2024\/02\/DSC07086-968x645.jpg 968w\" sizes=\"auto, (max-width: 1024px) 100vw, 1024px\" \/><figcaption class=\"wp-element-caption\"><em>Quelle: Felix Geroldinger<\/em><\/figcaption><\/figure>\n<\/div>\n<\/div>\n<\/div>\n<\/div>\n<\/div>\n<\/div>\n\n\n\n<p><\/p>\n\n\n\n<div style=\"height:100px\" aria-hidden=\"true\" class=\"wp-block-spacer\"><\/div>\n\n\n\n<p><\/p>\n","protected":false},"excerpt":{"rendered":"<p>\u00d6kosoziale Ideen und Musikgenuss in einem au\u00dfergew\u00f6hnlichen Ambiente Wissensvermittlung, Musikgenuss und \u00f6kosoziale Ideen vereint zu einem au\u00dfergew\u00f6hnlichen Abend in beeindruckender Kulisse. Wir freuen uns auf Sie! Dienstag, 19. M\u00e4rz 2024, 18.00 Uhr WIEHAG Timber Construction GmbH, &nbsp; Wiehag Stra\u00dfe 10, 4950 Altheim Leider ist die Veranstaltung bereits ausgebucht. Sie k\u00f6nnen uns gerne ein E-Mail schreiben unter oberoesterreich@oekosozialesforum.at&nbsp;Falls ein Platz frei &#8230;<\/p>\n","protected":false},"author":24788,"featured_media":994,"comment_status":"closed","ping_status":"closed","sticky":true,"template":"","format":"standard","meta":{"footnotes":""},"categories":[1],"tags":[],"class_list":["post-972","post","type-post","status-publish","format-standard","has-post-thumbnail","hentry","category-allgemein"],"_links":{"self":[{"href":"https:\/\/oekosozial.at\/oberoesterreich\/wp-json\/wp\/v2\/posts\/972","targetHints":{"allow":["GET"]}}],"collection":[{"href":"https:\/\/oekosozial.at\/oberoesterreich\/wp-json\/wp\/v2\/posts"}],"about":[{"href":"https:\/\/oekosozial.at\/oberoesterreich\/wp-json\/wp\/v2\/types\/post"}],"author":[{"embeddable":true,"href":"https:\/\/oekosozial.at\/oberoesterreich\/wp-json\/wp\/v2\/users\/24788"}],"replies":[{"embeddable":true,"href":"https:\/\/oekosozial.at\/oberoesterreich\/wp-json\/wp\/v2\/comments?post=972"}],"version-history":[{"count":9,"href":"https:\/\/oekosozial.at\/oberoesterreich\/wp-json\/wp\/v2\/posts\/972\/revisions"}],"predecessor-version":[{"id":1005,"href":"https:\/\/oekosozial.at\/oberoesterreich\/wp-json\/wp\/v2\/posts\/972\/revisions\/1005"}],"wp:featuredmedia":[{"embeddable":true,"href":"https:\/\/oekosozial.at\/oberoesterreich\/wp-json\/wp\/v2\/media\/994"}],"wp:attachment":[{"href":"https:\/\/oekosozial.at\/oberoesterreich\/wp-json\/wp\/v2\/media?parent=972"}],"wp:term":[{"taxonomy":"category","embeddable":true,"href":"https:\/\/oekosozial.at\/oberoesterreich\/wp-json\/wp\/v2\/categories?post=972"},{"taxonomy":"post_tag","embeddable":true,"href":"https:\/\/oekosozial.at\/oberoesterreich\/wp-json\/wp\/v2\/tags?post=972"}],"curies":[{"name":"wp","href":"https:\/\/api.w.org\/{rel}","templated":true}]}}