{"id":959,"date":"2023-11-28T11:13:58","date_gmt":"2023-11-28T10:13:58","guid":{"rendered":"https:\/\/oekosozial.at\/oberoesterreich\/?p=959"},"modified":"2023-11-28T12:07:15","modified_gmt":"2023-11-28T11:07:15","slug":"voller-saal-bei-buchlesung-mit-konrad-paul-liessmann-am-22-11-2023","status":"publish","type":"post","link":"https:\/\/oekosozial.at\/oberoesterreich\/voller-saal-bei-buchlesung-mit-konrad-paul-liessmann-am-22-11-2023\/","title":{"rendered":"Voller Saal bei Buchlesung mit Konrad Paul Liessmann am 22.11.2023"},"content":{"rendered":"\n<figure class=\"wp-block-image size-large\"><img loading=\"lazy\" decoding=\"async\" width=\"1024\" height=\"683\" src=\"https:\/\/oekosozial.at\/oberoesterreich\/wp-content\/uploads\/sites\/5\/2023\/11\/Auswahl_2-1024x683.jpg\" alt=\"\" class=\"wp-image-957\" srcset=\"https:\/\/oekosozial.at\/oberoesterreich\/wp-content\/uploads\/sites\/5\/2023\/11\/Auswahl_2-1024x683.jpg 1024w, https:\/\/oekosozial.at\/oberoesterreich\/wp-content\/uploads\/sites\/5\/2023\/11\/Auswahl_2-300x200.jpg 300w, https:\/\/oekosozial.at\/oberoesterreich\/wp-content\/uploads\/sites\/5\/2023\/11\/Auswahl_2-768x512.jpg 768w, https:\/\/oekosozial.at\/oberoesterreich\/wp-content\/uploads\/sites\/5\/2023\/11\/Auswahl_2-1536x1024.jpg 1536w, https:\/\/oekosozial.at\/oberoesterreich\/wp-content\/uploads\/sites\/5\/2023\/11\/Auswahl_2-2048x1365.jpg 2048w, https:\/\/oekosozial.at\/oberoesterreich\/wp-content\/uploads\/sites\/5\/2023\/11\/Auswahl_2-100x67.jpg 100w, https:\/\/oekosozial.at\/oberoesterreich\/wp-content\/uploads\/sites\/5\/2023\/11\/Auswahl_2-758x505.jpg 758w, https:\/\/oekosozial.at\/oberoesterreich\/wp-content\/uploads\/sites\/5\/2023\/11\/Auswahl_2-968x645.jpg 968w\" sizes=\"auto, (max-width: 1024px) 100vw, 1024px\" \/><figcaption class=\"wp-element-caption\">Anni Pichler, Konrad Paul Liessmann, Max Hiegelsberger, Susanne Pollinger, Melanie Hofinger<\/figcaption><\/figure>\n\n\n\n<p>Pointiert, mit gro\u00dfem Wissen, mit Ironie, Humor und Ernst blickte Konrad Paul Liessmann auf die L\u00fcgen unserer Zeit. 180 Menschen verfolgten die Leseproben aus seinem Buch \u201eLauter L\u00fcgen\u201c. Sie nickten, lachten und runzelten auch mal die Stirn.<\/p>\n\n\n\n<p>Als \u201eBalsam f\u00fcr den Geist\u201c beschrieb eine Besucherin den Abend. Und das war die Buchlesung, die das \u00d6kosoziale Forum O\u00d6 gemeinsam mit der Buchhandlung \u201eMeritas by Melanie Hofinger\u201c veranstaltete, tats\u00e4chlich.<\/p>\n\n\n\n<p>Moderatorin Susanne Pollinger stellte feinsinnige Frage und machte damit den Abend kurzweilig und spannend f\u00fcr das Publikum. Der Obmann des \u00d6kosozialen Forums O\u00d6 Max Hiegelsberger freute sich \u00fcber den voll besetzten Saal und m\u00f6chte das Format \u201eBuchlesung\u201c auch im n\u00e4chsten Jahr fortsetzen.<\/p>\n\n\n\n<figure class=\"wp-block-image size-large\"><img loading=\"lazy\" decoding=\"async\" width=\"1024\" height=\"877\" src=\"https:\/\/oekosozial.at\/oberoesterreich\/wp-content\/uploads\/sites\/5\/2023\/11\/Auswahl_4-1024x877.jpg\" alt=\"\" class=\"wp-image-960\" srcset=\"https:\/\/oekosozial.at\/oberoesterreich\/wp-content\/uploads\/sites\/5\/2023\/11\/Auswahl_4-1024x877.jpg 1024w, https:\/\/oekosozial.at\/oberoesterreich\/wp-content\/uploads\/sites\/5\/2023\/11\/Auswahl_4-300x257.jpg 300w, https:\/\/oekosozial.at\/oberoesterreich\/wp-content\/uploads\/sites\/5\/2023\/11\/Auswahl_4-768x658.jpg 768w, https:\/\/oekosozial.at\/oberoesterreich\/wp-content\/uploads\/sites\/5\/2023\/11\/Auswahl_4-1536x1315.jpg 1536w, https:\/\/oekosozial.at\/oberoesterreich\/wp-content\/uploads\/sites\/5\/2023\/11\/Auswahl_4-2048x1754.jpg 2048w, https:\/\/oekosozial.at\/oberoesterreich\/wp-content\/uploads\/sites\/5\/2023\/11\/Auswahl_4-100x86.jpg 100w, https:\/\/oekosozial.at\/oberoesterreich\/wp-content\/uploads\/sites\/5\/2023\/11\/Auswahl_4-758x649.jpg 758w, https:\/\/oekosozial.at\/oberoesterreich\/wp-content\/uploads\/sites\/5\/2023\/11\/Auswahl_4-968x829.jpg 968w\" sizes=\"auto, (max-width: 1024px) 100vw, 1024px\" \/><figcaption class=\"wp-element-caption\">Autor Liessmann mit Moderatorin Pollinger<\/figcaption><\/figure>\n\n\n\n<div class=\"wp-block-columns is-layout-flex wp-container-core-columns-is-layout-9d6595d7 wp-block-columns-is-layout-flex\">\n<div class=\"wp-block-column is-layout-flow wp-block-column-is-layout-flow\" style=\"flex-basis:100%\">\n<figure class=\"wp-block-gallery has-nested-images columns-2 is-cropped wp-block-gallery-1 is-layout-flex wp-block-gallery-is-layout-flex\">\n<figure class=\"wp-block-image size-large\"><img loading=\"lazy\" decoding=\"async\" width=\"1024\" height=\"683\" data-id=\"958\" src=\"https:\/\/oekosozial.at\/oberoesterreich\/wp-content\/uploads\/sites\/5\/2023\/11\/Auswahl_3-1024x683.jpg\" alt=\"Der Saal war bis auf den letzten Platz gef\u00fcllt\" class=\"wp-image-958\" srcset=\"https:\/\/oekosozial.at\/oberoesterreich\/wp-content\/uploads\/sites\/5\/2023\/11\/Auswahl_3-1024x683.jpg 1024w, https:\/\/oekosozial.at\/oberoesterreich\/wp-content\/uploads\/sites\/5\/2023\/11\/Auswahl_3-300x200.jpg 300w, https:\/\/oekosozial.at\/oberoesterreich\/wp-content\/uploads\/sites\/5\/2023\/11\/Auswahl_3-768x512.jpg 768w, https:\/\/oekosozial.at\/oberoesterreich\/wp-content\/uploads\/sites\/5\/2023\/11\/Auswahl_3-1536x1024.jpg 1536w, https:\/\/oekosozial.at\/oberoesterreich\/wp-content\/uploads\/sites\/5\/2023\/11\/Auswahl_3-2048x1365.jpg 2048w, https:\/\/oekosozial.at\/oberoesterreich\/wp-content\/uploads\/sites\/5\/2023\/11\/Auswahl_3-100x67.jpg 100w, https:\/\/oekosozial.at\/oberoesterreich\/wp-content\/uploads\/sites\/5\/2023\/11\/Auswahl_3-758x505.jpg 758w, https:\/\/oekosozial.at\/oberoesterreich\/wp-content\/uploads\/sites\/5\/2023\/11\/Auswahl_3-968x645.jpg 968w\" sizes=\"auto, (max-width: 1024px) 100vw, 1024px\" \/><\/figure>\n<\/figure>\n<\/div>\n<\/div>\n\n\n\n<figure class=\"wp-block-image size-large\"><img decoding=\"async\" src=\"https:\/\/oekosozial.at\/oberoesterreich\/wp-content\/uploads\/sites\/5\/2023\/11\/Auswahl_1-768x1024.jpg\" alt=\"\" class=\"wp-image-956\" \/><\/figure>\n","protected":false},"excerpt":{"rendered":"<p>Pointiert, mit gro\u00dfem Wissen, mit Ironie, Humor und Ernst blickte Konrad Paul Liessmann auf die L\u00fcgen unserer Zeit. 180 Menschen verfolgten die Leseproben aus seinem Buch \u201eLauter L\u00fcgen\u201c. Sie nickten, lachten und runzelten auch mal die Stirn. Als \u201eBalsam f\u00fcr den Geist\u201c beschrieb eine Besucherin den Abend. Und das war die Buchlesung, die das \u00d6kosoziale Forum O\u00d6 gemeinsam mit der &#8230;<\/p>\n","protected":false},"author":24788,"featured_media":956,"comment_status":"closed","ping_status":"closed","sticky":true,"template":"","format":"standard","meta":{"footnotes":""},"categories":[3,1],"tags":[],"class_list":["post-959","post","type-post","status-publish","format-standard","has-post-thumbnail","hentry","category-aktuelles","category-allgemein"],"_links":{"self":[{"href":"https:\/\/oekosozial.at\/oberoesterreich\/wp-json\/wp\/v2\/posts\/959","targetHints":{"allow":["GET"]}}],"collection":[{"href":"https:\/\/oekosozial.at\/oberoesterreich\/wp-json\/wp\/v2\/posts"}],"about":[{"href":"https:\/\/oekosozial.at\/oberoesterreich\/wp-json\/wp\/v2\/types\/post"}],"author":[{"embeddable":true,"href":"https:\/\/oekosozial.at\/oberoesterreich\/wp-json\/wp\/v2\/users\/24788"}],"replies":[{"embeddable":true,"href":"https:\/\/oekosozial.at\/oberoesterreich\/wp-json\/wp\/v2\/comments?post=959"}],"version-history":[{"count":3,"href":"https:\/\/oekosozial.at\/oberoesterreich\/wp-json\/wp\/v2\/posts\/959\/revisions"}],"predecessor-version":[{"id":965,"href":"https:\/\/oekosozial.at\/oberoesterreich\/wp-json\/wp\/v2\/posts\/959\/revisions\/965"}],"wp:featuredmedia":[{"embeddable":true,"href":"https:\/\/oekosozial.at\/oberoesterreich\/wp-json\/wp\/v2\/media\/956"}],"wp:attachment":[{"href":"https:\/\/oekosozial.at\/oberoesterreich\/wp-json\/wp\/v2\/media?parent=959"}],"wp:term":[{"taxonomy":"category","embeddable":true,"href":"https:\/\/oekosozial.at\/oberoesterreich\/wp-json\/wp\/v2\/categories?post=959"},{"taxonomy":"post_tag","embeddable":true,"href":"https:\/\/oekosozial.at\/oberoesterreich\/wp-json\/wp\/v2\/tags?post=959"}],"curies":[{"name":"wp","href":"https:\/\/api.w.org\/{rel}","templated":true}]}}