{"id":919,"date":"2023-09-26T10:10:40","date_gmt":"2023-09-26T08:10:40","guid":{"rendered":"https:\/\/oekosozial.at\/oberoesterreich\/?p=919"},"modified":"2023-09-26T10:10:40","modified_gmt":"2023-09-26T08:10:40","slug":"16-10-2023-nachhaltigkeitsstammtisch-wie-abhaengig-ist-europa-bei-arzneimitteln","status":"publish","type":"post","link":"https:\/\/oekosozial.at\/oberoesterreich\/16-10-2023-nachhaltigkeitsstammtisch-wie-abhaengig-ist-europa-bei-arzneimitteln\/","title":{"rendered":"16.10.2023: Nachhaltigkeitsstammtisch &#8222;Wie abh\u00e4ngig ist Europa bei Arzneimitteln?&#8220;"},"content":{"rendered":"\n<figure class=\"wp-block-image size-large\"><img loading=\"lazy\" decoding=\"async\" width=\"1024\" height=\"723\" src=\"https:\/\/oekosozial.at\/oberoesterreich\/wp-content\/uploads\/sites\/5\/2023\/09\/S.-1-1024x723.png\" alt=\"\" class=\"wp-image-921\" srcset=\"https:\/\/oekosozial.at\/oberoesterreich\/wp-content\/uploads\/sites\/5\/2023\/09\/S.-1-1024x723.png 1024w, https:\/\/oekosozial.at\/oberoesterreich\/wp-content\/uploads\/sites\/5\/2023\/09\/S.-1-300x212.png 300w, https:\/\/oekosozial.at\/oberoesterreich\/wp-content\/uploads\/sites\/5\/2023\/09\/S.-1-768x542.png 768w, https:\/\/oekosozial.at\/oberoesterreich\/wp-content\/uploads\/sites\/5\/2023\/09\/S.-1-100x71.png 100w, https:\/\/oekosozial.at\/oberoesterreich\/wp-content\/uploads\/sites\/5\/2023\/09\/S.-1-758x535.png 758w, https:\/\/oekosozial.at\/oberoesterreich\/wp-content\/uploads\/sites\/5\/2023\/09\/S.-1-968x683.png 968w, https:\/\/oekosozial.at\/oberoesterreich\/wp-content\/uploads\/sites\/5\/2023\/09\/S.-1.png 1138w\" sizes=\"auto, (max-width: 1024px) 100vw, 1024px\" \/><\/figure>\n\n\n\n<p><strong>WIE ABH\u00c4NGIG IST EUROPA BEI ARZNEIMITTELN?<\/strong><\/p>\n\n\n\n<p class=\"has-small-font-size\">Sp\u00e4testens seit Ausbruch der Corona-Pandemie ist die Abh\u00e4ngigkeit der Europ\u00e4ischen Union von asiatischen Arzneimitteln und Wirkstoffen ein Thema. Aber wie abh\u00e4ngig ist Europa nun wirklich? Kann \u00fcberhaupt in Europa produziert werden und woher kommen die Wirkstoffe? Und welche Antworten hat die Reform der EU-Arzneimittelregeln?<\/p>\n\n\n\n<p class=\"has-small-font-size\"><strong>19:00 Uhr Er\u00f6ffnung und Begr\u00fc\u00dfung<\/strong><br>                 <strong>Max Hiegelsberger<\/strong> (Obmann des \u00d6kosozialen Forum O\u00d6 und O\u00d6 Landtagspr\u00e4sident)<br><strong>19:10 Uhr Resilienz in der (Arzneimittel-) Lieferkette aus Sicht eines \u00f6sterreichischen Versorgers<\/strong><br>                 <strong>Roland Huemer<\/strong> (Vorstandsvorsitzender Richter Pharma AG)<br><strong>19:30 Uhr Lokale Produktion von Arzneimitteln als Ma\u00dfnahme gegen Lieferengp\u00e4sse<\/strong><br>                 <strong>Stefan Fischer<\/strong> (Gesundheitsexperte f\u00fcr Pharma\u00f6konomie, Gesundheit \u00d6sterreich GmbH)<br><strong>20:00 Uhr Fragen und Diskussion<\/strong><br><strong>20:30 Uhr Ausklang bei Br\u00f6tchen und Wein<\/strong><br>Moderation: <strong>Anni Pichler<\/strong>, Gesch\u00e4ftsf\u00fchrerin \u00d6kosoziales Forum Ober\u00f6sterreich<br>Anmeldung erforderlich unter office@oekosozialesfourm.at oder <a href=\"https:\/\/oekosozial.at\/oberoesterreich\/\">oekosozial.at\/ober\u00f6sterreich<\/a><\/p>\n\n\n\n<p>Wir freuen uns auf Ihre Teilnahme!<\/p>\n\n\n\n<p class=\"has-small-font-size\">Mit der Anmeldung erkl\u00e4ren sich die TeilnehmerInnen einverstanden, auch k\u00fcnftig \u00fcber die Veranstaltungen des \u00d6kosozialen Forums O\u00d6 informiert zu werden. Dieses Einverst\u00e4ndnis kann jederzeit widerrufen werden.<\/p>\n\n\n\n<p><br><\/p>\n","protected":false},"excerpt":{"rendered":"<p>WIE ABH\u00c4NGIG IST EUROPA BEI ARZNEIMITTELN? Sp\u00e4testens seit Ausbruch der Corona-Pandemie ist die Abh\u00e4ngigkeit der Europ\u00e4ischen Union von asiatischen Arzneimitteln und Wirkstoffen ein Thema. Aber wie abh\u00e4ngig ist Europa nun wirklich? Kann \u00fcberhaupt in Europa produziert werden und woher kommen die Wirkstoffe? Und welche Antworten hat die Reform der EU-Arzneimittelregeln? 19:00 Uhr Er\u00f6ffnung und Begr\u00fc\u00dfung Max Hiegelsberger (Obmann des \u00d6kosozialen &#8230;<\/p>\n","protected":false},"author":24788,"featured_media":921,"comment_status":"closed","ping_status":"closed","sticky":false,"template":"","format":"standard","meta":{"footnotes":""},"categories":[3,1],"tags":[],"class_list":["post-919","post","type-post","status-publish","format-standard","has-post-thumbnail","hentry","category-aktuelles","category-allgemein"],"_links":{"self":[{"href":"https:\/\/oekosozial.at\/oberoesterreich\/wp-json\/wp\/v2\/posts\/919","targetHints":{"allow":["GET"]}}],"collection":[{"href":"https:\/\/oekosozial.at\/oberoesterreich\/wp-json\/wp\/v2\/posts"}],"about":[{"href":"https:\/\/oekosozial.at\/oberoesterreich\/wp-json\/wp\/v2\/types\/post"}],"author":[{"embeddable":true,"href":"https:\/\/oekosozial.at\/oberoesterreich\/wp-json\/wp\/v2\/users\/24788"}],"replies":[{"embeddable":true,"href":"https:\/\/oekosozial.at\/oberoesterreich\/wp-json\/wp\/v2\/comments?post=919"}],"version-history":[{"count":4,"href":"https:\/\/oekosozial.at\/oberoesterreich\/wp-json\/wp\/v2\/posts\/919\/revisions"}],"predecessor-version":[{"id":924,"href":"https:\/\/oekosozial.at\/oberoesterreich\/wp-json\/wp\/v2\/posts\/919\/revisions\/924"}],"wp:featuredmedia":[{"embeddable":true,"href":"https:\/\/oekosozial.at\/oberoesterreich\/wp-json\/wp\/v2\/media\/921"}],"wp:attachment":[{"href":"https:\/\/oekosozial.at\/oberoesterreich\/wp-json\/wp\/v2\/media?parent=919"}],"wp:term":[{"taxonomy":"category","embeddable":true,"href":"https:\/\/oekosozial.at\/oberoesterreich\/wp-json\/wp\/v2\/categories?post=919"},{"taxonomy":"post_tag","embeddable":true,"href":"https:\/\/oekosozial.at\/oberoesterreich\/wp-json\/wp\/v2\/tags?post=919"}],"curies":[{"name":"wp","href":"https:\/\/api.w.org\/{rel}","templated":true}]}}