{"id":833,"date":"2023-05-15T09:53:57","date_gmt":"2023-05-15T07:53:57","guid":{"rendered":"https:\/\/oekosozial.at\/oberoesterreich\/?p=833"},"modified":"2023-05-16T15:07:54","modified_gmt":"2023-05-16T13:07:54","slug":"16-6-2023-vortrag-diskussion-mit-christian-wehrschuetz","status":"publish","type":"post","link":"https:\/\/oekosozial.at\/oberoesterreich\/16-6-2023-vortrag-diskussion-mit-christian-wehrschuetz\/","title":{"rendered":"16.6.2023: Vortrag &amp; Diskussion mit Christian Wehrsch\u00fctz"},"content":{"rendered":"\n<div class=\"wp-block-group is-layout-constrained wp-block-group-is-layout-constrained\">\n<div class=\"wp-block-columns is-layout-flex wp-container-core-columns-is-layout-9d6595d7 wp-block-columns-is-layout-flex\">\n<div class=\"wp-block-column is-layout-flow wp-block-column-is-layout-flow\">\n<div class=\"wp-block-cover is-light has-custom-content-position is-position-bottom-center\" style=\"min-height:286px;aspect-ratio:unset;\"><span aria-hidden=\"true\" class=\"wp-block-cover__background has-background-dim-0 has-background-dim\"><\/span><img loading=\"lazy\" decoding=\"async\" width=\"200\" height=\"300\" class=\"wp-block-cover__image-background wp-image-856\" alt=\"\" src=\"https:\/\/oekosozial.at\/oberoesterreich\/wp-content\/uploads\/sites\/5\/2023\/05\/Christian_Wehrschuetz_Kalender_Verlag_Keiper-\u00a9-Foto-ORF-Hans-Leitner-scaled-1-2-200x300.jpg\" data-object-fit=\"cover\" srcset=\"https:\/\/oekosozial.at\/oberoesterreich\/wp-content\/uploads\/sites\/5\/2023\/05\/Christian_Wehrschuetz_Kalender_Verlag_Keiper-\u00a9-Foto-ORF-Hans-Leitner-scaled-1-2-200x300.jpg 200w, https:\/\/oekosozial.at\/oberoesterreich\/wp-content\/uploads\/sites\/5\/2023\/05\/Christian_Wehrschuetz_Kalender_Verlag_Keiper-\u00a9-Foto-ORF-Hans-Leitner-scaled-1-2-100x150.jpg 100w, https:\/\/oekosozial.at\/oberoesterreich\/wp-content\/uploads\/sites\/5\/2023\/05\/Christian_Wehrschuetz_Kalender_Verlag_Keiper-\u00a9-Foto-ORF-Hans-Leitner-scaled-1-2.jpg 682w\" sizes=\"auto, (max-width: 200px) 100vw, 200px\" \/><div class=\"wp-block-cover__inner-container is-layout-flow wp-block-cover-is-layout-flow\">\n<p class=\"has-text-align-center has-white-color has-text-color has-small-font-size\">Foto: ORF\/Hans Leitner<\/p>\n<\/div><\/div>\n<\/div>\n\n\n\n<div class=\"wp-block-column is-layout-flow wp-block-column-is-layout-flow\" style=\"flex-basis:70%\">\n<h2 class=\"wp-block-heading\">Vortrag &amp; Diskussion mit Christian Wehrsch\u00fctz<\/h2>\n\n\n\n<p>Zwischen Schlachtfeldern und Weizenfeldern<\/p>\n\n\n\n<p><strong>Freitag, 16. Juni 2023, 19.00 Uhr<\/strong><\/p>\n\n\n\n<p class=\"has-small-font-size\">Power Tower der Energie AG<br>B\u00f6hmerwaldstra\u00dfe 3, 4020 Linz<br>Eingang Coulinstra\u00dfe<\/p>\n\n\n\n<figure class=\"wp-block-image alignright size-full is-resized\"><img loading=\"lazy\" decoding=\"async\" src=\"https:\/\/oekosozial.at\/oberoesterreich\/wp-content\/uploads\/sites\/5\/2023\/05\/Logo-Energie-AG-Oberoesterreich.jpg\" alt=\"\" class=\"wp-image-867\" width=\"155\" height=\"85\" srcset=\"https:\/\/oekosozial.at\/oberoesterreich\/wp-content\/uploads\/sites\/5\/2023\/05\/Logo-Energie-AG-Oberoesterreich.jpg 537w, https:\/\/oekosozial.at\/oberoesterreich\/wp-content\/uploads\/sites\/5\/2023\/05\/Logo-Energie-AG-Oberoesterreich-300x165.jpg 300w, https:\/\/oekosozial.at\/oberoesterreich\/wp-content\/uploads\/sites\/5\/2023\/05\/Logo-Energie-AG-Oberoesterreich-100x55.jpg 100w\" sizes=\"auto, (max-width: 155px) 100vw, 155px\" \/><\/figure>\n\n\n\n<p class=\"has-medium-font-size\">Freier Eintritt, Anmeldung erforderlich<\/p>\n\n\n\n<div class=\"wp-block-buttons is-layout-flex wp-block-buttons-is-layout-flex\">\n<div class=\"wp-block-button\"><a class=\"wp-block-button__link wp-element-button\" href=\"https:\/\/oekosozial.at\/oberoesterreich\/events\/vortrag-diskussion-mit-christian-wehrschuetz\/\">Zur Anmeldung<\/a><\/div>\n<\/div>\n<\/div>\n<\/div>\n<\/div>\n\n\n\n<div style=\"height:50px\" aria-hidden=\"true\" class=\"wp-block-spacer\"><\/div>\n\n\n\n<div class=\"wp-block-columns is-layout-flex wp-container-core-columns-is-layout-9d6595d7 wp-block-columns-is-layout-flex\">\n<div class=\"wp-block-column is-layout-flow wp-block-column-is-layout-flow\">\n<div class=\"wp-block-columns is-layout-flex wp-container-core-columns-is-layout-9d6595d7 wp-block-columns-is-layout-flex\">\n<div class=\"wp-block-column is-layout-flow wp-block-column-is-layout-flow\">\n<div class=\"wp-block-columns is-layout-flex wp-container-core-columns-is-layout-9d6595d7 wp-block-columns-is-layout-flex\">\n<div class=\"wp-block-column is-layout-flow wp-block-column-is-layout-flow\">\n<p><\/p>\n\n\n\n<h3 class=\"has-black-color has-text-color wp-block-heading\"><strong>PROGRAMM<\/strong><\/h3>\n\n\n\n<p class=\"has-black-color has-text-color has-small-font-size\">19:00 Uhr: Begr\u00fc\u00dfung <strong>Landtagspr\u00e4sident Max Hiegelsberger<\/strong>, Obmann \u00d6kosoziales Forum O\u00d6<\/p>\n\n\n\n<p class=\"has-black-color has-text-color has-small-font-size\">19:15 Uhr: Vortrag &#8211; Zwischen Schlachtfeldern und Weizenfeldern &#8211; <strong>Christian Wehrsch\u00fctz<\/strong><\/p>\n\n\n\n<p class=\"has-black-color has-text-color has-small-font-size\">20:00 Uhr: Fragen und Diskussion<\/p>\n\n\n\n<p class=\"has-black-color has-text-color has-small-font-size\">20:30 Uhr: Ausklang bei Br\u00f6tchen und Wein<\/p>\n\n\n\n<p class=\"has-black-color has-text-color has-small-font-size\">Moderation: <strong>Christine Haiden<\/strong>, Journalistin &amp; Moderatorin<\/p>\n\n\n\n<p><\/p>\n<\/div>\n\n\n\n<div class=\"wp-block-column is-layout-flow wp-block-column-is-layout-flow\">\n<p><\/p>\n\n\n\n<h3 class=\"has-black-color has-text-color wp-block-heading\"><strong>ZWISCHEN SCHLACHTFELDERN UND WEIZENFELDERN<\/strong><\/h3>\n\n\n\n<p class=\"has-small-font-size\"><em>\u00dcber die Verletzlichkeit von Freiheit und Demokratie und die Rolle der Ukraine f\u00fcr die internationale Ern\u00e4hrungssicherheit<\/em><\/p>\n\n\n\n<p class=\"has-small-font-size\">Der ORF-Korrespondent Christian Wehrsch\u00fctz ist seit 1991 beim ORF t\u00e4tig und seit 1999 Auslandskorrespondent f\u00fcr den Balkan. 2014 kam das B\u00fcro in Kiew\/Ukraine dazu. Seitdem berichtet er aus diesen L\u00e4ndern vom Krieg bis zur Kultur. Seit Ausbruch des russischen Angriffskrieges auf die Ukraine hat er mehr als 45 Stunden Programm produziert und mehr als 150.000 km zur\u00fcckgelegt. Er berichtet fast t\u00e4glich aus den kriegsgebeutelten Orten der Ukraine. Er scheut auch die schwierigsten Missionen nicht, wenngleich es oft gef\u00e4hrlich wird: In Nikopol wurde in der Nacht sein Hotel beschossen und er und sein Team sind nur knapp den Kugeln entgangen. Wehrsch\u00fctz spricht flie\u00dfend russisch und ukrainisch, was eine tiefgr\u00fcndige und authentische Berichterstattung erleichtert. Ebenso spricht er englisch, serbisch, franz\u00f6sisch, slowenisch, mazedonisch und albanisch.<\/p>\n<\/div>\n<\/div>\n<\/div>\n<\/div>\n<\/div>\n<\/div>\n\n\n\n<p><\/p>\n\n\n\n<div style=\"height:100px\" aria-hidden=\"true\" class=\"wp-block-spacer\"><\/div>\n","protected":false},"excerpt":{"rendered":"<p>Vortrag &amp; Diskussion mit Christian Wehrsch\u00fctz Zwischen Schlachtfeldern und Weizenfeldern Freitag, 16. Juni 2023, 19.00 Uhr Power Tower der Energie AGB\u00f6hmerwaldstra\u00dfe 3, 4020 LinzEingang Coulinstra\u00dfe Freier Eintritt, Anmeldung erforderlich PROGRAMM 19:00 Uhr: Begr\u00fc\u00dfung Landtagspr\u00e4sident Max Hiegelsberger, Obmann \u00d6kosoziales Forum O\u00d6 19:15 Uhr: Vortrag &#8211; Zwischen Schlachtfeldern und Weizenfeldern &#8211; Christian Wehrsch\u00fctz 20:00 Uhr: Fragen und Diskussion 20:30 Uhr: Ausklang bei &#8230;<\/p>\n","protected":false},"author":24788,"featured_media":866,"comment_status":"closed","ping_status":"closed","sticky":false,"template":"","format":"standard","meta":{"footnotes":""},"categories":[3,1],"tags":[],"class_list":["post-833","post","type-post","status-publish","format-standard","has-post-thumbnail","hentry","category-aktuelles","category-allgemein"],"_links":{"self":[{"href":"https:\/\/oekosozial.at\/oberoesterreich\/wp-json\/wp\/v2\/posts\/833","targetHints":{"allow":["GET"]}}],"collection":[{"href":"https:\/\/oekosozial.at\/oberoesterreich\/wp-json\/wp\/v2\/posts"}],"about":[{"href":"https:\/\/oekosozial.at\/oberoesterreich\/wp-json\/wp\/v2\/types\/post"}],"author":[{"embeddable":true,"href":"https:\/\/oekosozial.at\/oberoesterreich\/wp-json\/wp\/v2\/users\/24788"}],"replies":[{"embeddable":true,"href":"https:\/\/oekosozial.at\/oberoesterreich\/wp-json\/wp\/v2\/comments?post=833"}],"version-history":[{"count":10,"href":"https:\/\/oekosozial.at\/oberoesterreich\/wp-json\/wp\/v2\/posts\/833\/revisions"}],"predecessor-version":[{"id":886,"href":"https:\/\/oekosozial.at\/oberoesterreich\/wp-json\/wp\/v2\/posts\/833\/revisions\/886"}],"wp:featuredmedia":[{"embeddable":true,"href":"https:\/\/oekosozial.at\/oberoesterreich\/wp-json\/wp\/v2\/media\/866"}],"wp:attachment":[{"href":"https:\/\/oekosozial.at\/oberoesterreich\/wp-json\/wp\/v2\/media?parent=833"}],"wp:term":[{"taxonomy":"category","embeddable":true,"href":"https:\/\/oekosozial.at\/oberoesterreich\/wp-json\/wp\/v2\/categories?post=833"},{"taxonomy":"post_tag","embeddable":true,"href":"https:\/\/oekosozial.at\/oberoesterreich\/wp-json\/wp\/v2\/tags?post=833"}],"curies":[{"name":"wp","href":"https:\/\/api.w.org\/{rel}","templated":true}]}}