{"id":574,"date":"2021-06-10T13:23:05","date_gmt":"2021-06-10T11:23:05","guid":{"rendered":"https:\/\/oekosozial.at\/oberoesterreich\/?p=574"},"modified":"2021-06-10T13:26:12","modified_gmt":"2021-06-10T11:26:12","slug":"klimawandel-bewusstsein-schaffen-und-neue-technologien-entwickeln","status":"publish","type":"post","link":"https:\/\/oekosozial.at\/oberoesterreich\/klimawandel-bewusstsein-schaffen-und-neue-technologien-entwickeln\/","title":{"rendered":"Klimawandel: Bewusstsein schaffen und neue Technologien entwickeln"},"content":{"rendered":"\n<figure class=\"wp-block-image size-large\"><img loading=\"lazy\" decoding=\"async\" width=\"1024\" height=\"683\" src=\"https:\/\/oekosozial.at\/oberoesterreich\/wp-content\/uploads\/sites\/5\/2021\/06\/Nachhaltigkeitsstammtisch-1024x683.jpg\" alt=\"\" class=\"wp-image-569\" srcset=\"https:\/\/oekosozial.at\/oberoesterreich\/wp-content\/uploads\/sites\/5\/2021\/06\/Nachhaltigkeitsstammtisch-1024x683.jpg 1024w, https:\/\/oekosozial.at\/oberoesterreich\/wp-content\/uploads\/sites\/5\/2021\/06\/Nachhaltigkeitsstammtisch-300x200.jpg 300w, https:\/\/oekosozial.at\/oberoesterreich\/wp-content\/uploads\/sites\/5\/2021\/06\/Nachhaltigkeitsstammtisch-768x512.jpg 768w, https:\/\/oekosozial.at\/oberoesterreich\/wp-content\/uploads\/sites\/5\/2021\/06\/Nachhaltigkeitsstammtisch-1536x1025.jpg 1536w, https:\/\/oekosozial.at\/oberoesterreich\/wp-content\/uploads\/sites\/5\/2021\/06\/Nachhaltigkeitsstammtisch-2048x1367.jpg 2048w, https:\/\/oekosozial.at\/oberoesterreich\/wp-content\/uploads\/sites\/5\/2021\/06\/Nachhaltigkeitsstammtisch-100x67.jpg 100w, https:\/\/oekosozial.at\/oberoesterreich\/wp-content\/uploads\/sites\/5\/2021\/06\/Nachhaltigkeitsstammtisch-758x506.jpg 758w, https:\/\/oekosozial.at\/oberoesterreich\/wp-content\/uploads\/sites\/5\/2021\/06\/Nachhaltigkeitsstammtisch-968x646.jpg 968w\" sizes=\"auto, (max-width: 1024px) 100vw, 1024px\" \/><figcaption>LR Hiegelsberger, Obmann des \u00d6kosozialen Forums O\u00d6 er\u00f6ffnet den 1. Nachhaltigkeitsstammtisch<\/figcaption><\/figure>\n\n\n\n<p><strong><em>Das \u00d6kosoziale Forum O\u00d6 lud am vergangenen Dienstag zum ersten Nachhaltigkeitsstammtisch. Dieser war ganz dem Thema \u201eKlimawandel: Welche Fragen wir stellen m\u00fcssen und welche Antworten wir geben k\u00f6nnen\u201c gewidmet. Dass es eine gemeinsame Verantwortung f\u00fcr die Bew\u00e4ltigung dieser Herausforderung sei, war ein Tenor der Veranstaltung.<\/em><\/strong><\/p>\n\n\n\n<p>\u201eWir haben eine gemeinsame Verantwortung\u201c, betonte Landesrat Max Hiegelsberger in seinen Er\u00f6ffnungsworten. Als Obmann des \u00d6kosozialen Forums Ober\u00f6sterreich hat er deshalb den Nachhaltigkeitsstammtisch initiiert. Dies soll k\u00fcnftig ein Veranstaltungsformat darstellen, bei dem zweimal j\u00e4hrlich \u00fcber gesellschaftliche, \u00f6kologische und wirtschaftliche Entwicklungen informiert und diskutiert wird \u2013 \u00fcber Tellerr\u00e4nder und Parteigrenzen hinaus.<\/p>\n\n\n\n<p>Als Referenten standen beim ersten Nachhaltigkeitsstammtisch der Direktor der Zentralanstalt f\u00fcr Meteorologie und Geodynamik Michael Staudinger sowie Fronius International-Gesch\u00e4ftsf\u00fchrerin Elisabeth Engelbrechtsm\u00fcller-Strau\u00df zur Verf\u00fcgung. \u201eIn der heutigen Veranstaltungen bringen wir zwei Bereiche zusammen, die in der Bew\u00e4ltigung der Herausforderungen des Klimawandel sehr bedeutend sind. Das ist zum einen der wissenschaftliche Bereich, der mit faktenbasierten Aussagen Bewusstsein schafft und zum anderen die Wirtschaftsseite, die mit ihrem Know-How konkrete Aktivit\u00e4ten setzen kann\u201c, so Hiegelsberger. Es sei erfreulich, dass immer mehr Unternehmen in ihrem Portfolio Nachhaltigkeitsziele verankert haben und das kein Nischenprogram mehr sei. F\u00fcr den Nachhaltigkeitsstammtisch wurde deshalb Fronius ausgew\u00e4hlt, weil dieses internationale Unternehmen \u2013 etwa mit seinem Bereich Solar Energy \u2013 ein Erfolgsbeispiel ist.<\/p>\n\n\n\n<p><strong>\u201eAufh\u00f6ren, mit dem Finger auf andere zu zeigen und selbst Verantwortung \u00fcbernehmen\u201c<\/strong><\/p>\n\n\n\n<p>Als sehr bedeutende Auswirkung des Klimwandels nannte Michael Staudinger etwa die \u201emarkante Zunahme der Sonnenscheindauer\u201c in den vergangenen 200 Jahren. Das f\u00fchre auch bei gleichbleibendem Niederschlag zu einem Problem, weil der Boden dadurch sehr stark austrocknet und D\u00fcrreereignisse zunehmen. \u201eMan darf deshalb in der Klimawandel-Diskussion nicht nur einen Aspekt herausgreifen, sondern muss immer die unmittelbaren Zusammenh\u00e4nge erkennen\u201c, so Staudinger. Die Vegetationsperiode habe sich innerhalb von 50 Jahren (von 1960 bis 2010) von 212 auf 225 Tage erh\u00f6ht. Die Frosttage haben abgenommen, was wiederum den Sch\u00e4dlingsdruck erh\u00f6ht. 2020 sei ein sehr spezielles Jahr gewesen, das von Sp\u00e4tfr\u00f6sten gekennzeichnet war. \u201eIm Jahresmittel sieht man diese Gefahr nicht\u201c, so Staudinger. \u201eDie Bodenfeuchte zeigt einen langfristig abnehmenden Trend, was durch eine h\u00f6here Verdunstung vor allem in der warmen Jahreszeit gesteuert wird\u201c, erl\u00e4uterte Staudinger einen weiteren vor allem landwirtschaftlich sehr relevanten Aspekt.<\/p>\n\n\n\n<p>Was also tun? \u201eDie Bev\u00f6lkerung auf den Mond zu verlagern, wird wohl keine gute Alternative sein\u201c, meinte Staudinger sarkastisch in Richtung des erst k\u00fcrzlich vorgebrachten Vorschlags von Amazon-Chef Jeff Bezos `den Mond zu besiedeln, um die Erde zu retten\u00b4.&nbsp; \u201eMan muss unterscheiden zwischen Spinnereien und dem, was man wirklich machen kann\u201c, so Staudinger. Bei Geoengineering wisse man viel zuwenig \u00fcber die riskanten Nebenwirkungen und CO2 aus der Atmosph\u00e4re rauszubringen gleiche eher dem Versuchs eines Perpetuum mobile.<\/p>\n\n\n\n<p>Sinnvoll sei hingegen die Nutzung von Wald als CO2-Speicher und vor allem den CO2-Aussto\u00df zu reduzieren. \u201eUnd dabei sind wir alle gefragt\u201c, pl\u00e4dierte auch Staudinger f\u00fcr die schon von Hiegelsberger angesprochene gemeinsame Verantwortung. \u201eWir m\u00fcssen aufh\u00f6ren, mit dem Finger auf andere zu zeigen und die Verantwortung abzuschieben\u201c, so der ZAMG-Direktor.<\/p>\n\n\n\n<p>Als positives Beispiel, was ein Unternehmen machen kann, pr\u00e4sentierte Fronius-Gesch\u00e4ftsf\u00fchrerin Elisabeth Engelbrechtsm\u00fcller-Strau\u00df die Nachhaltigkeitsziele ihres Unternehmens. Was ganz zu Beginn \u2013 zu einer Zeit, in der Nachhaltigkeit in der Wirtschaftswelt noch ein Fremdwort war &#8211; eher als Hobby betrieben wurde, ist jetzt mit dem Bereich \u201eSolar Energy\u201c die gr\u00f6\u00dfte Businessunit bei Fronius. Die Entwicklung neuer Technologien seien dabei ein wichtiger Erfolgsfaktor \u2013 sowie \u00fcberzeugte Mitarbeiter. \u201eUnsere Mitarbeiterinnen und Mitarbeiter sind stolz, mit ihrer Arbeit einen Beitrag zu einer positiven Entwicklung zu leisten\u201c, so Engelbrechtsm\u00fcller-Strau\u00df.<\/p>\n\n\n\n<figure class=\"wp-block-image size-large\"><img loading=\"lazy\" decoding=\"async\" width=\"1024\" height=\"683\" src=\"https:\/\/oekosozial.at\/oberoesterreich\/wp-content\/uploads\/sites\/5\/2021\/06\/Michael-Staudinger-2-1024x683.jpg\" alt=\"\" class=\"wp-image-580\" srcset=\"https:\/\/oekosozial.at\/oberoesterreich\/wp-content\/uploads\/sites\/5\/2021\/06\/Michael-Staudinger-2-1024x683.jpg 1024w, https:\/\/oekosozial.at\/oberoesterreich\/wp-content\/uploads\/sites\/5\/2021\/06\/Michael-Staudinger-2-300x200.jpg 300w, https:\/\/oekosozial.at\/oberoesterreich\/wp-content\/uploads\/sites\/5\/2021\/06\/Michael-Staudinger-2-768x512.jpg 768w, https:\/\/oekosozial.at\/oberoesterreich\/wp-content\/uploads\/sites\/5\/2021\/06\/Michael-Staudinger-2-1536x1025.jpg 1536w, https:\/\/oekosozial.at\/oberoesterreich\/wp-content\/uploads\/sites\/5\/2021\/06\/Michael-Staudinger-2-2048x1367.jpg 2048w, https:\/\/oekosozial.at\/oberoesterreich\/wp-content\/uploads\/sites\/5\/2021\/06\/Michael-Staudinger-2-100x67.jpg 100w, https:\/\/oekosozial.at\/oberoesterreich\/wp-content\/uploads\/sites\/5\/2021\/06\/Michael-Staudinger-2-758x506.jpg 758w, https:\/\/oekosozial.at\/oberoesterreich\/wp-content\/uploads\/sites\/5\/2021\/06\/Michael-Staudinger-2-968x646.jpg 968w\" sizes=\"auto, (max-width: 1024px) 100vw, 1024px\" \/><figcaption>Dr. Michael Staudinger, Direktor ZAMG<\/figcaption><\/figure>\n\n\n\n<figure class=\"wp-block-image size-large\"><img loading=\"lazy\" decoding=\"async\" width=\"1024\" height=\"683\" src=\"https:\/\/oekosozial.at\/oberoesterreich\/wp-content\/uploads\/sites\/5\/2021\/06\/Elisabeth-Engelbrechtsmueller-Strauss-3-1024x683.jpg\" alt=\"\" class=\"wp-image-581\" srcset=\"https:\/\/oekosozial.at\/oberoesterreich\/wp-content\/uploads\/sites\/5\/2021\/06\/Elisabeth-Engelbrechtsmueller-Strauss-3-1024x683.jpg 1024w, https:\/\/oekosozial.at\/oberoesterreich\/wp-content\/uploads\/sites\/5\/2021\/06\/Elisabeth-Engelbrechtsmueller-Strauss-3-300x200.jpg 300w, https:\/\/oekosozial.at\/oberoesterreich\/wp-content\/uploads\/sites\/5\/2021\/06\/Elisabeth-Engelbrechtsmueller-Strauss-3-768x512.jpg 768w, https:\/\/oekosozial.at\/oberoesterreich\/wp-content\/uploads\/sites\/5\/2021\/06\/Elisabeth-Engelbrechtsmueller-Strauss-3-1536x1025.jpg 1536w, https:\/\/oekosozial.at\/oberoesterreich\/wp-content\/uploads\/sites\/5\/2021\/06\/Elisabeth-Engelbrechtsmueller-Strauss-3-2048x1367.jpg 2048w, https:\/\/oekosozial.at\/oberoesterreich\/wp-content\/uploads\/sites\/5\/2021\/06\/Elisabeth-Engelbrechtsmueller-Strauss-3-100x67.jpg 100w, https:\/\/oekosozial.at\/oberoesterreich\/wp-content\/uploads\/sites\/5\/2021\/06\/Elisabeth-Engelbrechtsmueller-Strauss-3-758x506.jpg 758w, https:\/\/oekosozial.at\/oberoesterreich\/wp-content\/uploads\/sites\/5\/2021\/06\/Elisabeth-Engelbrechtsmueller-Strauss-3-968x646.jpg 968w\" sizes=\"auto, (max-width: 1024px) 100vw, 1024px\" \/><figcaption>Mag. Engelbrechtsm\u00fcller-Strau\u00df, Gesch\u00e4fstf\u00fchrerin Fronius International<\/figcaption><\/figure>\n\n\n\n<figure class=\"wp-block-image size-large\"><img loading=\"lazy\" decoding=\"async\" width=\"1024\" height=\"683\" src=\"https:\/\/oekosozial.at\/oberoesterreich\/wp-content\/uploads\/sites\/5\/2021\/06\/Max-Hiegelsberger-2-1024x683.jpg\" alt=\"\" class=\"wp-image-582\" srcset=\"https:\/\/oekosozial.at\/oberoesterreich\/wp-content\/uploads\/sites\/5\/2021\/06\/Max-Hiegelsberger-2-1024x683.jpg 1024w, https:\/\/oekosozial.at\/oberoesterreich\/wp-content\/uploads\/sites\/5\/2021\/06\/Max-Hiegelsberger-2-300x200.jpg 300w, https:\/\/oekosozial.at\/oberoesterreich\/wp-content\/uploads\/sites\/5\/2021\/06\/Max-Hiegelsberger-2-768x512.jpg 768w, https:\/\/oekosozial.at\/oberoesterreich\/wp-content\/uploads\/sites\/5\/2021\/06\/Max-Hiegelsberger-2-1536x1025.jpg 1536w, https:\/\/oekosozial.at\/oberoesterreich\/wp-content\/uploads\/sites\/5\/2021\/06\/Max-Hiegelsberger-2-2048x1367.jpg 2048w, https:\/\/oekosozial.at\/oberoesterreich\/wp-content\/uploads\/sites\/5\/2021\/06\/Max-Hiegelsberger-2-100x67.jpg 100w, https:\/\/oekosozial.at\/oberoesterreich\/wp-content\/uploads\/sites\/5\/2021\/06\/Max-Hiegelsberger-2-758x506.jpg 758w, https:\/\/oekosozial.at\/oberoesterreich\/wp-content\/uploads\/sites\/5\/2021\/06\/Max-Hiegelsberger-2-968x646.jpg 968w\" sizes=\"auto, (max-width: 1024px) 100vw, 1024px\" \/><figcaption>LR Max Hiegelsberger, Obmann \u00d6kosoziales Forum O\u00d6<\/figcaption><\/figure>\n\n\n\n<figure class=\"wp-block-image size-large\"><img loading=\"lazy\" decoding=\"async\" width=\"1024\" height=\"683\" src=\"https:\/\/oekosozial.at\/oberoesterreich\/wp-content\/uploads\/sites\/5\/2021\/06\/Referenten-1-1024x683.jpg\" alt=\"\" class=\"wp-image-584\" srcset=\"https:\/\/oekosozial.at\/oberoesterreich\/wp-content\/uploads\/sites\/5\/2021\/06\/Referenten-1-1024x683.jpg 1024w, https:\/\/oekosozial.at\/oberoesterreich\/wp-content\/uploads\/sites\/5\/2021\/06\/Referenten-1-300x200.jpg 300w, https:\/\/oekosozial.at\/oberoesterreich\/wp-content\/uploads\/sites\/5\/2021\/06\/Referenten-1-768x512.jpg 768w, https:\/\/oekosozial.at\/oberoesterreich\/wp-content\/uploads\/sites\/5\/2021\/06\/Referenten-1-1536x1025.jpg 1536w, https:\/\/oekosozial.at\/oberoesterreich\/wp-content\/uploads\/sites\/5\/2021\/06\/Referenten-1-2048x1367.jpg 2048w, https:\/\/oekosozial.at\/oberoesterreich\/wp-content\/uploads\/sites\/5\/2021\/06\/Referenten-1-100x67.jpg 100w, https:\/\/oekosozial.at\/oberoesterreich\/wp-content\/uploads\/sites\/5\/2021\/06\/Referenten-1-758x506.jpg 758w, https:\/\/oekosozial.at\/oberoesterreich\/wp-content\/uploads\/sites\/5\/2021\/06\/Referenten-1-968x646.jpg 968w\" sizes=\"auto, (max-width: 1024px) 100vw, 1024px\" \/><figcaption>die Referenten des 1. Nachhaltigkeitsstammtisches<\/figcaption><\/figure>\n","protected":false},"excerpt":{"rendered":"<p>Das \u00d6kosoziale Forum O\u00d6 lud am vergangenen Dienstag zum ersten Nachhaltigkeitsstammtisch. Dieser war ganz dem Thema \u201eKlimawandel: Welche Fragen wir stellen m\u00fcssen und welche Antworten wir geben k\u00f6nnen\u201c gewidmet. Dass es eine gemeinsame Verantwortung f\u00fcr die Bew\u00e4ltigung dieser Herausforderung sei, war ein Tenor der Veranstaltung. \u201eWir haben eine gemeinsame Verantwortung\u201c, betonte Landesrat Max Hiegelsberger in seinen Er\u00f6ffnungsworten. Als Obmann des &#8230;<\/p>\n","protected":false},"author":24788,"featured_media":584,"comment_status":"closed","ping_status":"closed","sticky":false,"template":"","format":"standard","meta":{"footnotes":""},"categories":[3],"tags":[],"class_list":["post-574","post","type-post","status-publish","format-standard","has-post-thumbnail","hentry","category-aktuelles"],"_links":{"self":[{"href":"https:\/\/oekosozial.at\/oberoesterreich\/wp-json\/wp\/v2\/posts\/574","targetHints":{"allow":["GET"]}}],"collection":[{"href":"https:\/\/oekosozial.at\/oberoesterreich\/wp-json\/wp\/v2\/posts"}],"about":[{"href":"https:\/\/oekosozial.at\/oberoesterreich\/wp-json\/wp\/v2\/types\/post"}],"author":[{"embeddable":true,"href":"https:\/\/oekosozial.at\/oberoesterreich\/wp-json\/wp\/v2\/users\/24788"}],"replies":[{"embeddable":true,"href":"https:\/\/oekosozial.at\/oberoesterreich\/wp-json\/wp\/v2\/comments?post=574"}],"version-history":[{"count":4,"href":"https:\/\/oekosozial.at\/oberoesterreich\/wp-json\/wp\/v2\/posts\/574\/revisions"}],"predecessor-version":[{"id":588,"href":"https:\/\/oekosozial.at\/oberoesterreich\/wp-json\/wp\/v2\/posts\/574\/revisions\/588"}],"wp:featuredmedia":[{"embeddable":true,"href":"https:\/\/oekosozial.at\/oberoesterreich\/wp-json\/wp\/v2\/media\/584"}],"wp:attachment":[{"href":"https:\/\/oekosozial.at\/oberoesterreich\/wp-json\/wp\/v2\/media?parent=574"}],"wp:term":[{"taxonomy":"category","embeddable":true,"href":"https:\/\/oekosozial.at\/oberoesterreich\/wp-json\/wp\/v2\/categories?post=574"},{"taxonomy":"post_tag","embeddable":true,"href":"https:\/\/oekosozial.at\/oberoesterreich\/wp-json\/wp\/v2\/tags?post=574"}],"curies":[{"name":"wp","href":"https:\/\/api.w.org\/{rel}","templated":true}]}}