{"id":524,"date":"2021-05-04T12:17:19","date_gmt":"2021-05-04T10:17:19","guid":{"rendered":"https:\/\/oekosozial.at\/oberoesterreich\/?p=524"},"modified":"2021-05-25T09:06:23","modified_gmt":"2021-05-25T07:06:23","slug":"25-mai-2021-iss-dich-klug-vortrag-mit-dr-macedonia","status":"publish","type":"post","link":"https:\/\/oekosozial.at\/oberoesterreich\/25-mai-2021-iss-dich-klug-vortrag-mit-dr-macedonia\/","title":{"rendered":"25. Mai 2021: Iss dich klug! Online-Vortrag mit Dr. Manuela Macedonia"},"content":{"rendered":"\n<p>Was macht Ern\u00e4hrung mit unserem Gehirn und kann man die Weisheit tats\u00e4chlich mit dem L\u00f6ffel essen? Diese spannenden Fragen und vieles Mehr wird Dr.  Macedonia in ihrem interessanten Vortrag beantworten.<\/p>\n\n\n\n<p>Unter folgendem Link k\u00f6nnen Sie an der Veranstaltung teilnehmen:<\/p>\n\n\n\n<p><a href=\"https:\/\/www.b-rocks.at\/oekosozialesforum\/\">https:\/\/www.b-rocks.at\/oekosozialesforum\/<\/a><\/p>\n\n\n\n<p><\/p>\n\n\n\n<figure class=\"wp-block-image size-large\"><img loading=\"lazy\" decoding=\"async\" width=\"1024\" height=\"722\" src=\"https:\/\/oekosozial.at\/oberoesterreich\/wp-content\/uploads\/sites\/5\/2021\/05\/EinladungMacedonia_31_Seite_1-1024x722.jpg\" alt=\"\" class=\"wp-image-529\" srcset=\"https:\/\/oekosozial.at\/oberoesterreich\/wp-content\/uploads\/sites\/5\/2021\/05\/EinladungMacedonia_31_Seite_1-1024x722.jpg 1024w, https:\/\/oekosozial.at\/oberoesterreich\/wp-content\/uploads\/sites\/5\/2021\/05\/EinladungMacedonia_31_Seite_1-300x212.jpg 300w, https:\/\/oekosozial.at\/oberoesterreich\/wp-content\/uploads\/sites\/5\/2021\/05\/EinladungMacedonia_31_Seite_1-768x542.jpg 768w, https:\/\/oekosozial.at\/oberoesterreich\/wp-content\/uploads\/sites\/5\/2021\/05\/EinladungMacedonia_31_Seite_1-100x71.jpg 100w, https:\/\/oekosozial.at\/oberoesterreich\/wp-content\/uploads\/sites\/5\/2021\/05\/EinladungMacedonia_31_Seite_1-758x535.jpg 758w, https:\/\/oekosozial.at\/oberoesterreich\/wp-content\/uploads\/sites\/5\/2021\/05\/EinladungMacedonia_31_Seite_1-968x683.jpg 968w, https:\/\/oekosozial.at\/oberoesterreich\/wp-content\/uploads\/sites\/5\/2021\/05\/EinladungMacedonia_31_Seite_1.jpg 1191w\" sizes=\"auto, (max-width: 1024px) 100vw, 1024px\" \/><\/figure>\n\n\n\n<figure class=\"wp-block-image size-large\"><img loading=\"lazy\" decoding=\"async\" width=\"1024\" height=\"722\" src=\"https:\/\/oekosozial.at\/oberoesterreich\/wp-content\/uploads\/sites\/5\/2021\/05\/EinladungMacedonia_31_Seite_2-1024x722.jpg\" alt=\"\" class=\"wp-image-530\" srcset=\"https:\/\/oekosozial.at\/oberoesterreich\/wp-content\/uploads\/sites\/5\/2021\/05\/EinladungMacedonia_31_Seite_2-1024x722.jpg 1024w, https:\/\/oekosozial.at\/oberoesterreich\/wp-content\/uploads\/sites\/5\/2021\/05\/EinladungMacedonia_31_Seite_2-300x212.jpg 300w, https:\/\/oekosozial.at\/oberoesterreich\/wp-content\/uploads\/sites\/5\/2021\/05\/EinladungMacedonia_31_Seite_2-768x542.jpg 768w, https:\/\/oekosozial.at\/oberoesterreich\/wp-content\/uploads\/sites\/5\/2021\/05\/EinladungMacedonia_31_Seite_2-100x71.jpg 100w, https:\/\/oekosozial.at\/oberoesterreich\/wp-content\/uploads\/sites\/5\/2021\/05\/EinladungMacedonia_31_Seite_2-758x535.jpg 758w, https:\/\/oekosozial.at\/oberoesterreich\/wp-content\/uploads\/sites\/5\/2021\/05\/EinladungMacedonia_31_Seite_2-968x683.jpg 968w, https:\/\/oekosozial.at\/oberoesterreich\/wp-content\/uploads\/sites\/5\/2021\/05\/EinladungMacedonia_31_Seite_2.jpg 1191w\" sizes=\"auto, (max-width: 1024px) 100vw, 1024px\" \/><\/figure>\n\n\n\n<div style=\"height:100px\" aria-hidden=\"true\" class=\"wp-block-spacer\"><\/div>\n\n\n\n<h2 class=\"wp-block-heading\">Download<\/h2>\n\n\n\n<div class=\"wp-block-file\"><a href=\"https:\/\/oekosozial.at\/oberoesterreich\/wp-content\/uploads\/sites\/5\/2021\/05\/EinladungMacedonia_3.pdf\">Einladung Macedonia<\/a><a href=\"https:\/\/oekosozial.at\/oberoesterreich\/wp-content\/uploads\/sites\/5\/2021\/05\/EinladungMacedonia_3.pdf\" class=\"wp-block-file__button\" download>Herunterladen<\/a><\/div>\n\n\n\n<p><\/p>\n","protected":false},"excerpt":{"rendered":"<p>Was macht Ern\u00e4hrung mit unserem Gehirn und kann man die Weisheit tats\u00e4chlich mit dem L\u00f6ffel essen? Diese spannenden Fragen und vieles Mehr wird Dr. Macedonia in ihrem interessanten Vortrag beantworten. Unter folgendem Link k\u00f6nnen Sie an der Veranstaltung teilnehmen: https:\/\/www.b-rocks.at\/oekosozialesforum\/ Download<\/p>\n","protected":false},"author":24788,"featured_media":533,"comment_status":"closed","ping_status":"closed","sticky":false,"template":"","format":"standard","meta":{"footnotes":""},"categories":[3,1],"tags":[],"class_list":["post-524","post","type-post","status-publish","format-standard","has-post-thumbnail","hentry","category-aktuelles","category-allgemein"],"_links":{"self":[{"href":"https:\/\/oekosozial.at\/oberoesterreich\/wp-json\/wp\/v2\/posts\/524","targetHints":{"allow":["GET"]}}],"collection":[{"href":"https:\/\/oekosozial.at\/oberoesterreich\/wp-json\/wp\/v2\/posts"}],"about":[{"href":"https:\/\/oekosozial.at\/oberoesterreich\/wp-json\/wp\/v2\/types\/post"}],"author":[{"embeddable":true,"href":"https:\/\/oekosozial.at\/oberoesterreich\/wp-json\/wp\/v2\/users\/24788"}],"replies":[{"embeddable":true,"href":"https:\/\/oekosozial.at\/oberoesterreich\/wp-json\/wp\/v2\/comments?post=524"}],"version-history":[{"count":9,"href":"https:\/\/oekosozial.at\/oberoesterreich\/wp-json\/wp\/v2\/posts\/524\/revisions"}],"predecessor-version":[{"id":553,"href":"https:\/\/oekosozial.at\/oberoesterreich\/wp-json\/wp\/v2\/posts\/524\/revisions\/553"}],"wp:featuredmedia":[{"embeddable":true,"href":"https:\/\/oekosozial.at\/oberoesterreich\/wp-json\/wp\/v2\/media\/533"}],"wp:attachment":[{"href":"https:\/\/oekosozial.at\/oberoesterreich\/wp-json\/wp\/v2\/media?parent=524"}],"wp:term":[{"taxonomy":"category","embeddable":true,"href":"https:\/\/oekosozial.at\/oberoesterreich\/wp-json\/wp\/v2\/categories?post=524"},{"taxonomy":"post_tag","embeddable":true,"href":"https:\/\/oekosozial.at\/oberoesterreich\/wp-json\/wp\/v2\/tags?post=524"}],"curies":[{"name":"wp","href":"https:\/\/api.w.org\/{rel}","templated":true}]}}