{"id":514,"date":"2021-02-25T15:11:00","date_gmt":"2021-02-25T14:11:00","guid":{"rendered":"https:\/\/oekosozial.at\/oberoesterreich\/?p=514"},"modified":"2024-07-10T08:23:22","modified_gmt":"2024-07-10T06:23:22","slug":"di-anni-pichler-ist-neue-geschaeftsfuehrerin","status":"publish","type":"post","link":"https:\/\/oekosozial.at\/oberoesterreich\/di-anni-pichler-ist-neue-geschaeftsfuehrerin\/","title":{"rendered":"DI Anni Pichler ist neue Gesch\u00e4ftsf\u00fchrerin"},"content":{"rendered":"\n<p><strong>Anni Pichler \u00fcbernimmt die Gesch\u00e4ftsf\u00fchrungsagenden von G\u00fcnther Lengauer. Landesobmann Max Hiegelsberger wurde f\u00fcr weitere vier Jahre im Amt best\u00e4tigt.&nbsp;<\/strong><\/p>\n\n\n\n<p>Das \u00d6kosoziale Forum setzt sich als unabh\u00e4ngige Plattform und als Think-Tank f\u00fcr die Idee der \u00d6kosozialen Marktwirtschaft und ihre Umsetzung ein. In Ober\u00f6sterreich wird diese Idee vom \u00d6kosozialen Forum Ober\u00f6sterreich als L\u00e4nderorganisation weitergetragen. In der Vorstandssitzung vom Donnerstag wurde mit Anni Pichler eine neue Gesch\u00e4ftsf\u00fchrerin bestellt. Der Vorstand des \u00d6kosozialen Forums O\u00d6 wurde k\u00fcrzlich ebenso neu- bzw. wiedergew\u00e4hlt. Dabei wurde der bisherige Obmann Landesrat Max Hiegelsberger f\u00fcr weitere vier Jahre im Amt best\u00e4tigt. Hiegelsberger: \u201eAnni Pichler ist mit den Themen der \u00f6kosozialen Marktwirtschaft bestens vertraut und bringt viele berufliche Erfahrungen f\u00fcr ihre neue Funktion mit. Ich freue mich auf die Zusammenarbeit mit ihr.\u201c<\/p>\n\n\n\n<p>Anni Pichler hat an der Universit\u00e4t f\u00fcr Bodenkultur Landwirtschaft studiert und in Wien im Kabinett des Landwirtschaftsministeriums sowie als parlamentarische Mitarbeiterin dreier Nationalratsabgeordneter gearbeitet. Danach war die 37-j\u00e4hrige Chefredakteurin der BauernZeitung Ober\u00f6sterreich. Die geb\u00fcrtige K\u00e4rntnerin lebt seit sechs Jahren mit ihrem Mann und der gemeinsamen kleinen Tochter auf einem Ackerbaubetrieb in Schiedlberg. Mit dem \u00d6kosozialen Forum kam sie w\u00e4hrend ihres Studiums bereits in Kontakt und war auch Mitbegr\u00fcnderin des \u00d6kosozialen Studierendenforums.<\/p>\n\n\n\n<p>Anni Pichler folgt auf G\u00fcnther Lengauer, der das Amt 11 Jahre innehatte. Lengauer: \u201eDas \u00d6kosoziale Forum ist eine Organisation f\u00fcr Stadt und Land, f\u00fcr klein und gro\u00df sowie f\u00fcr Jung und Alt. Die Breite der Themen hat sich in den vergangenen Jahren wiedergespiegelt. Von der Erd\u00e4pfelpyramide f\u00fcr den Kindergarten und das Altersheim, vom Heil- und Genussmittelkalender f\u00fcr alle Haushalte bis hin zu den verschiedenen Diskussionsabenden von der Fl\u00fcchtlingsfrage bis zu den klassischen Klimathemen. Dass das \u00f6kosoziale Steuersystem seinen Platz im aktuellen Regierungsprogramm gefunden hat, ist die Errungenschaft des \u00d6SF. Die Breite der Themenpalette macht diese Organisation spannend und sie ist damit zukunftsweisend.\u201c<\/p>\n\n\n\n<p>Pichler: \u201eDie \u00d6kosoziale Marktwirtschaft als politisches und gesellschaftliches Modell kann Antworten auf die gro\u00dfen Herausforderungen der Zukunft geben, weil sie \u00f6kologische, \u00f6konomische und soziale Ziele im Gleichklang verfolgt. Ich freue mich, diesen Weg mitzugestalten.\u201c In diesem Jahr soll als ein Schwerpunkt die Qualit\u00e4t der Lebensmittel unter die Lupe genommen werden und biologische und gesundheitliche Aspekte n\u00e4her beleuchtet werden. Daneben sollen zuk\u00fcnftig auch viele weitere Themen \u2013 etwa Bio\u00f6konomie, Energie, Umwelt und Klima, Gleichstellung, usw. \u2013 aufgegriffen werden und von einem \u00f6kosozialen Standpunkt aus betrachtet werden. Hiegelsberger und Pichler: \u201eZiel ist, die \u00f6kosozialen Themen in die Breite zu bringen und in der Gesellschaft, aber auch etwa in den Gemeinden oder in Bildung und Wissenschaft einzubringen und zu verankern.\u201c<\/p>\n","protected":false},"excerpt":{"rendered":"<p>Anni Pichler \u00fcbernimmt die Gesch\u00e4ftsf\u00fchrungsagenden von G\u00fcnther Lengauer. Landesobmann Max Hiegelsberger wurde f\u00fcr weitere vier Jahre im Amt best\u00e4tigt.&nbsp; Das \u00d6kosoziale Forum setzt sich als unabh\u00e4ngige Plattform und als Think-Tank f\u00fcr die Idee der \u00d6kosozialen Marktwirtschaft und ihre Umsetzung ein. In Ober\u00f6sterreich wird diese Idee vom \u00d6kosozialen Forum Ober\u00f6sterreich als L\u00e4nderorganisation weitergetragen. In der Vorstandssitzung vom Donnerstag wurde mit Anni &#8230;<\/p>\n","protected":false},"author":24788,"featured_media":507,"comment_status":"closed","ping_status":"closed","sticky":false,"template":"","format":"standard","meta":{"footnotes":""},"categories":[3,1],"tags":[],"class_list":["post-514","post","type-post","status-publish","format-standard","has-post-thumbnail","hentry","category-aktuelles","category-allgemein"],"_links":{"self":[{"href":"https:\/\/oekosozial.at\/oberoesterreich\/wp-json\/wp\/v2\/posts\/514","targetHints":{"allow":["GET"]}}],"collection":[{"href":"https:\/\/oekosozial.at\/oberoesterreich\/wp-json\/wp\/v2\/posts"}],"about":[{"href":"https:\/\/oekosozial.at\/oberoesterreich\/wp-json\/wp\/v2\/types\/post"}],"author":[{"embeddable":true,"href":"https:\/\/oekosozial.at\/oberoesterreich\/wp-json\/wp\/v2\/users\/24788"}],"replies":[{"embeddable":true,"href":"https:\/\/oekosozial.at\/oberoesterreich\/wp-json\/wp\/v2\/comments?post=514"}],"version-history":[{"count":3,"href":"https:\/\/oekosozial.at\/oberoesterreich\/wp-json\/wp\/v2\/posts\/514\/revisions"}],"predecessor-version":[{"id":1018,"href":"https:\/\/oekosozial.at\/oberoesterreich\/wp-json\/wp\/v2\/posts\/514\/revisions\/1018"}],"wp:featuredmedia":[{"embeddable":true,"href":"https:\/\/oekosozial.at\/oberoesterreich\/wp-json\/wp\/v2\/media\/507"}],"wp:attachment":[{"href":"https:\/\/oekosozial.at\/oberoesterreich\/wp-json\/wp\/v2\/media?parent=514"}],"wp:term":[{"taxonomy":"category","embeddable":true,"href":"https:\/\/oekosozial.at\/oberoesterreich\/wp-json\/wp\/v2\/categories?post=514"},{"taxonomy":"post_tag","embeddable":true,"href":"https:\/\/oekosozial.at\/oberoesterreich\/wp-json\/wp\/v2\/tags?post=514"}],"curies":[{"name":"wp","href":"https:\/\/api.w.org\/{rel}","templated":true}]}}