{"id":37,"date":"2017-01-09T13:33:56","date_gmt":"2017-01-09T12:33:56","guid":{"rendered":"https:\/\/oekosozial.at\/oberoesterreich\/?p=37"},"modified":"2017-04-26T12:48:34","modified_gmt":"2017-04-26T10:48:34","slug":"oesf-ooe-unter-neuer-fuehrung","status":"publish","type":"post","link":"https:\/\/oekosozial.at\/oberoesterreich\/oesf-ooe-unter-neuer-fuehrung\/","title":{"rendered":"\u00d6SF O\u00d6 unter neuer F\u00fchrung"},"content":{"rendered":"<p><strong><em>Landesrat Max Hiegelsberger \u00fcbernimmt von Mag. Helmut Eiselsberg die Obmannschaft.<\/em><\/strong><\/p>\n<p>(Pressetext, \u00d6kosoziales Forum O\u00d6), 10.12.2016: Auf eine sehr themen- und veranstaltungsreiche Zeit konnte anl\u00e4sslich der Generalversammlung des \u00d6kosozialen Forums Ober\u00f6sterreich Mag. Helmut Eiselsberg zur\u00fcckblicken. Als Gr\u00fcndungsvater der Landesorganisation schaffte er es, viele nachhaltige Themen des \u00d6SF in den 17 Jahren seiner Amtszeit umzusetzen. Viele Veranstaltungen und Pressekonferenzen haben stattgefunden. Zu den \u201eHighlights\u201c z\u00e4hlten zweifelsohne der Heil- und Genussmittelkalender 2010, der mit einer Auflage von 20.000 St\u00fcck verkauft werden konnte und auch die Erd\u00e4pfelpyramide, die in \u00fcber 800 Schulen, Kinderg\u00e4rten und Altersheimen auf Initiative des \u00d6kosozialen Forums aufgestellt und bepflanzt wurden. Auf die Ideen von Eiselsberg h\u00f6rte man in Wien beim \u00d6kosozialen Forum \u00d6sterreich, manche Projekte wurden auch in anderen Bundesl\u00e4ndern kopiert. Sein Elan und seine innovativen Ideen haben das \u00d6kosoziale Forum O\u00d6 zu einer fixen Gr\u00f6\u00dfe rund um die nachhaltigen Themen gemacht.<\/p>\n<p>LR Max Hiegelsberger folgt Mag. Helmut Eiselsberg in der Funktion des Obmanns nach. Das Bestreben von LR Hiegelsberger ist es, im neuen Vorstand die nachhaltigen Themen auf verschiedenen Ebenen sehr breit zu diskutieren. Daher finden sich im Vorstand auch Menschen aus der Wirtschaft, aus dem Bildungsbereich, Leaderregionen und aus den L\u00e4ndlichen Regionen. Weiters wird ein Beirat geschaffen mit Mitgliedern aus den verschiedensten Einrichtungen und Institutionen, den Vorsitz f\u00fchrt GD Dr. Josef Stockinger.<\/p>\n<p>Der neue Obmann Max Hiegelsberger bedankte sich mit einem Geschenk bei Mag. Helmut Eiselsberg f\u00fcr seine wertvolle Arbeit.<\/p>\n<p>Bild v.l.n.r.: GF Mag. G\u00fcnther Lengauer, Mag. Angelika Sery-Froschauer, Mag. Helmut Eiselsberg, LR Max Hiegelsberger<\/p>\n","protected":false},"excerpt":{"rendered":"<p>Landesrat Max Hiegelsberger \u00fcbernimmt von Mag. Helmut Eiselsberg die Obmannschaft. (Pressetext, \u00d6kosoziales Forum O\u00d6), 10.12.2016: Auf eine sehr themen- und veranstaltungsreiche Zeit konnte anl\u00e4sslich der Generalversammlung des \u00d6kosozialen Forums Ober\u00f6sterreich Mag. Helmut Eiselsberg zur\u00fcckblicken. Als Gr\u00fcndungsvater der Landesorganisation schaffte er es, viele nachhaltige Themen des \u00d6SF in den 17 Jahren seiner Amtszeit umzusetzen. Viele Veranstaltungen und Pressekonferenzen haben stattgefunden. Zu &#8230;<\/p>\n","protected":false},"author":9,"featured_media":91,"comment_status":"closed","ping_status":"closed","sticky":false,"template":"","format":"standard","meta":{"footnotes":""},"categories":[1],"tags":[],"class_list":["post-37","post","type-post","status-publish","format-standard","has-post-thumbnail","hentry","category-allgemein"],"_links":{"self":[{"href":"https:\/\/oekosozial.at\/oberoesterreich\/wp-json\/wp\/v2\/posts\/37","targetHints":{"allow":["GET"]}}],"collection":[{"href":"https:\/\/oekosozial.at\/oberoesterreich\/wp-json\/wp\/v2\/posts"}],"about":[{"href":"https:\/\/oekosozial.at\/oberoesterreich\/wp-json\/wp\/v2\/types\/post"}],"author":[{"embeddable":true,"href":"https:\/\/oekosozial.at\/oberoesterreich\/wp-json\/wp\/v2\/users\/9"}],"replies":[{"embeddable":true,"href":"https:\/\/oekosozial.at\/oberoesterreich\/wp-json\/wp\/v2\/comments?post=37"}],"version-history":[{"count":2,"href":"https:\/\/oekosozial.at\/oberoesterreich\/wp-json\/wp\/v2\/posts\/37\/revisions"}],"predecessor-version":[{"id":111,"href":"https:\/\/oekosozial.at\/oberoesterreich\/wp-json\/wp\/v2\/posts\/37\/revisions\/111"}],"wp:featuredmedia":[{"embeddable":true,"href":"https:\/\/oekosozial.at\/oberoesterreich\/wp-json\/wp\/v2\/media\/91"}],"wp:attachment":[{"href":"https:\/\/oekosozial.at\/oberoesterreich\/wp-json\/wp\/v2\/media?parent=37"}],"wp:term":[{"taxonomy":"category","embeddable":true,"href":"https:\/\/oekosozial.at\/oberoesterreich\/wp-json\/wp\/v2\/categories?post=37"},{"taxonomy":"post_tag","embeddable":true,"href":"https:\/\/oekosozial.at\/oberoesterreich\/wp-json\/wp\/v2\/tags?post=37"}],"curies":[{"name":"wp","href":"https:\/\/api.w.org\/{rel}","templated":true}]}}