{"id":256,"date":"2019-02-11T16:11:23","date_gmt":"2019-02-11T15:11:23","guid":{"rendered":"https:\/\/oekosozial.at\/oberoesterreich\/?p=256"},"modified":"2019-02-11T16:12:36","modified_gmt":"2019-02-11T15:12:36","slug":"umweltpolitik-als-friedenspolitik-der-zukunft","status":"publish","type":"post","link":"https:\/\/oekosozial.at\/oberoesterreich\/umweltpolitik-als-friedenspolitik-der-zukunft\/","title":{"rendered":"Einladung zur Veranstaltung am 26.2.2019: Umweltpolitik als Friedenspolitik der Zukunft"},"content":{"rendered":"<p>In Afrika leben mehr als eine Milliarde Menschen, jeder zweite Afrikaner ist j\u00fcnger als achtzehn Jahre. Die 54 L\u00e4nder Afrikas sind unterschiedlich entwickelt, wobei einige Nationen ein bemerkenswertes Wirtschaftswachstum zeigen. Die reichlich vorhandenen nat\u00fcrlichen Ressourcen sowie die mehrheitlich junge Bev\u00f6lkerung pr\u00e4destinieren den Kontinent als potentiellen Markt der Zukunft.<\/p>\n<p>Wie kann Europa Wertsch\u00f6pfung nach Afrika bringen? Welche Rolle haben Umwelt- und Klimaver\u00e4nderungen bei Migration und Flucht? Was kann man tun, um Fluchtgr\u00fcnde zu minimieren? Welche Krisenherde sind am brennendsten?<\/p>\n<div class=\"text_exposed_show\">\n<p>Vortrag von Veye Tatah (selbst\u00e4ndige Beraterin und Projektmanagerin, Gr\u00fcnderin des Vereins Africa positive und CR des gleichnamigen Magazins) und Mag. Dr. Gerald Hainzl (Institut f\u00fcr Friedenssicherung und Konfliktmanagement), anschlie\u00dfend Fragen, Austausch und Diskussion.<\/p>\n<p>Achtung: Die Veranstaltung findet nicht im Bildungshaus Sankt Magdalena \/ \u00d6SF O\u00d6 <a href=\"https:\/\/oekosozial.at\/oberoesterreich\/wp-content\/uploads\/sites\/5\/2019\/02\/Einladung-26.2.2019.pdf\">Einladung 26.2.2019<\/a>\u00a0statt, sondern in den Redoutens\u00e4len Linz, Promenade 39, 4020 Linz.<\/p>\n<\/div>\n","protected":false},"excerpt":{"rendered":"<p>In Afrika leben mehr als eine Milliarde Menschen, jeder zweite Afrikaner ist j\u00fcnger als achtzehn Jahre. Die 54 L\u00e4nder Afrikas sind unterschiedlich entwickelt, wobei einige Nationen ein bemerkenswertes Wirtschaftswachstum zeigen. Die reichlich vorhandenen nat\u00fcrlichen Ressourcen sowie die mehrheitlich junge Bev\u00f6lkerung pr\u00e4destinieren den Kontinent als potentiellen Markt der Zukunft. Wie kann Europa Wertsch\u00f6pfung nach Afrika bringen? Welche Rolle haben Umwelt- und &#8230;<\/p>\n","protected":false},"author":9,"featured_media":259,"comment_status":"closed","ping_status":"closed","sticky":false,"template":"","format":"standard","meta":{"footnotes":""},"categories":[1],"tags":[],"class_list":["post-256","post","type-post","status-publish","format-standard","has-post-thumbnail","hentry","category-allgemein"],"_links":{"self":[{"href":"https:\/\/oekosozial.at\/oberoesterreich\/wp-json\/wp\/v2\/posts\/256","targetHints":{"allow":["GET"]}}],"collection":[{"href":"https:\/\/oekosozial.at\/oberoesterreich\/wp-json\/wp\/v2\/posts"}],"about":[{"href":"https:\/\/oekosozial.at\/oberoesterreich\/wp-json\/wp\/v2\/types\/post"}],"author":[{"embeddable":true,"href":"https:\/\/oekosozial.at\/oberoesterreich\/wp-json\/wp\/v2\/users\/9"}],"replies":[{"embeddable":true,"href":"https:\/\/oekosozial.at\/oberoesterreich\/wp-json\/wp\/v2\/comments?post=256"}],"version-history":[{"count":3,"href":"https:\/\/oekosozial.at\/oberoesterreich\/wp-json\/wp\/v2\/posts\/256\/revisions"}],"predecessor-version":[{"id":261,"href":"https:\/\/oekosozial.at\/oberoesterreich\/wp-json\/wp\/v2\/posts\/256\/revisions\/261"}],"wp:featuredmedia":[{"embeddable":true,"href":"https:\/\/oekosozial.at\/oberoesterreich\/wp-json\/wp\/v2\/media\/259"}],"wp:attachment":[{"href":"https:\/\/oekosozial.at\/oberoesterreich\/wp-json\/wp\/v2\/media?parent=256"}],"wp:term":[{"taxonomy":"category","embeddable":true,"href":"https:\/\/oekosozial.at\/oberoesterreich\/wp-json\/wp\/v2\/categories?post=256"},{"taxonomy":"post_tag","embeddable":true,"href":"https:\/\/oekosozial.at\/oberoesterreich\/wp-json\/wp\/v2\/tags?post=256"}],"curies":[{"name":"wp","href":"https:\/\/api.w.org\/{rel}","templated":true}]}}