{"id":115,"date":"2017-08-02T14:15:45","date_gmt":"2017-08-02T12:15:45","guid":{"rendered":"https:\/\/oekosozial.at\/oberoesterreich\/?p=115"},"modified":"2017-08-02T14:49:57","modified_gmt":"2017-08-02T12:49:57","slug":"welterschoepfungstag-2-august-2017","status":"publish","type":"post","link":"https:\/\/oekosozial.at\/oberoesterreich\/welterschoepfungstag-2-august-2017\/","title":{"rendered":"Weltersch\u00f6pfungstag &#8211; 2. August 2017"},"content":{"rendered":"<p>Der Weltersch\u00f6pfungstag, auch &#8222;Welt\u00fcberlastungstag&#8220; oder &#8222;Ecological Debt Day&#8220; genannt, findet 2017 am 2. August statt. Der Tag wird j\u00e4hrlich neu bestimmt: Die Organisation Global Foodprint Network berechnet damit den Tag, an dem die von der Weltbev\u00f6lkerung verbrauchten Ressourcen die nat\u00fcrliche Nachproduktion unseres Globus&#8216; \u00fcbersteigen. Das Datum des Weltersch\u00f6pfungstages r\u00fcckt j\u00e4hrlich mehrere Tage nach vorne. 1990 wurde der Tag mit 7. Dezember festgelegt, 25 Jahre sp\u00e4ter waren die erneuerbaren \u00f6kologischen Ressourcen bereits am 13. August aufgebraucht.<\/p>\n<p>Vielfache Faktoren nehmen Einfluss, sodass bei der\u00a0Berechnung des Weltersch\u00f6pfungstages weniger die mathematische Korrektheit im Vordergrund steht, sondern vielmehr das Setzen von Zeichen und Bewusstseinsbildung: nat\u00fcrliche Ressourcen sind begrenzt und dementsprechend sorgsam sollte der Umgang damit sein.<\/p>\n<p>Stichworte sind hierbei etwa der CO2-Ausstoss, Treibhauseffekte, Waldrodung, Fleischkonsum\u00a0und \u00dcberfischung der Meere.<\/p>\n<p>&nbsp;<\/p>\n<p><span style=\"font-size: 14pt\"><strong>Veranstaltungsank\u00fcndigung:<\/strong><\/span><\/p>\n<p>Mit Valentin Thurn konnte das \u00d6kosoziale Forum O\u00d6 einen namhaften Referenten\u00a0zum Thema gewinnen. Der mehrfach ausgezeichnete deutsche Dokumentarfilmer, unter anderem bekannt durch die Kinofilme &#8222;Taste the Waste (2011)&#8220; und &#8222;10 Milliarden &#8211; wie werden wir alle satt? (2015)&#8220; ist am 19. Oktober 2017 im Bildungshaus Sankt Magdalena zu Gast. Eine detaillierte Veranstaltungsank\u00fcndigung erfolgt zeitgerecht!<\/p>\n","protected":false},"excerpt":{"rendered":"<p>Der Weltersch\u00f6pfungstag, auch &#8222;Welt\u00fcberlastungstag&#8220; oder &#8222;Ecological Debt Day&#8220; genannt, findet 2017 am 2. August statt. Der Tag wird j\u00e4hrlich neu bestimmt: Die Organisation Global Foodprint Network berechnet damit den Tag, an dem die von der Weltbev\u00f6lkerung verbrauchten Ressourcen die nat\u00fcrliche Nachproduktion unseres Globus&#8216; \u00fcbersteigen. Das Datum des Weltersch\u00f6pfungstages r\u00fcckt j\u00e4hrlich mehrere Tage nach vorne. 1990 wurde der Tag mit 7. &#8230;<\/p>\n","protected":false},"author":9,"featured_media":123,"comment_status":"closed","ping_status":"closed","sticky":false,"template":"","format":"standard","meta":{"footnotes":""},"categories":[1],"tags":[],"class_list":["post-115","post","type-post","status-publish","format-standard","has-post-thumbnail","hentry","category-allgemein"],"_links":{"self":[{"href":"https:\/\/oekosozial.at\/oberoesterreich\/wp-json\/wp\/v2\/posts\/115","targetHints":{"allow":["GET"]}}],"collection":[{"href":"https:\/\/oekosozial.at\/oberoesterreich\/wp-json\/wp\/v2\/posts"}],"about":[{"href":"https:\/\/oekosozial.at\/oberoesterreich\/wp-json\/wp\/v2\/types\/post"}],"author":[{"embeddable":true,"href":"https:\/\/oekosozial.at\/oberoesterreich\/wp-json\/wp\/v2\/users\/9"}],"replies":[{"embeddable":true,"href":"https:\/\/oekosozial.at\/oberoesterreich\/wp-json\/wp\/v2\/comments?post=115"}],"version-history":[{"count":10,"href":"https:\/\/oekosozial.at\/oberoesterreich\/wp-json\/wp\/v2\/posts\/115\/revisions"}],"predecessor-version":[{"id":127,"href":"https:\/\/oekosozial.at\/oberoesterreich\/wp-json\/wp\/v2\/posts\/115\/revisions\/127"}],"wp:featuredmedia":[{"embeddable":true,"href":"https:\/\/oekosozial.at\/oberoesterreich\/wp-json\/wp\/v2\/media\/123"}],"wp:attachment":[{"href":"https:\/\/oekosozial.at\/oberoesterreich\/wp-json\/wp\/v2\/media?parent=115"}],"wp:term":[{"taxonomy":"category","embeddable":true,"href":"https:\/\/oekosozial.at\/oberoesterreich\/wp-json\/wp\/v2\/categories?post=115"},{"taxonomy":"post_tag","embeddable":true,"href":"https:\/\/oekosozial.at\/oberoesterreich\/wp-json\/wp\/v2\/tags?post=115"}],"curies":[{"name":"wp","href":"https:\/\/api.w.org\/{rel}","templated":true}]}}