{"id":1098,"date":"2025-09-15T14:10:34","date_gmt":"2025-09-15T12:10:34","guid":{"rendered":"https:\/\/oekosozial.at\/oberoesterreich\/?p=1098"},"modified":"2025-09-15T14:13:19","modified_gmt":"2025-09-15T12:13:19","slug":"lesung-im-weingarten-mit-reinhard-kaiser-muehlecker-08-oktober-2025-18-00-uhr","status":"publish","type":"post","link":"https:\/\/oekosozial.at\/oberoesterreich\/lesung-im-weingarten-mit-reinhard-kaiser-muehlecker-08-oktober-2025-18-00-uhr\/","title":{"rendered":"Lesung im Weingarten mit Reinhard Kaiser-M\u00fchlecker, 08. Oktober 2025, 18.00 Uhr"},"content":{"rendered":"\n<figure class=\"wp-block-image size-large\"><img loading=\"lazy\" decoding=\"async\" width=\"1024\" height=\"570\" src=\"https:\/\/oekosozial.at\/oberoesterreich\/wp-content\/uploads\/sites\/5\/2025\/09\/Einladung-oben-1024x570.jpg\" alt=\"\" class=\"wp-image-1099\" srcset=\"https:\/\/oekosozial.at\/oberoesterreich\/wp-content\/uploads\/sites\/5\/2025\/09\/Einladung-oben-1024x570.jpg 1024w, https:\/\/oekosozial.at\/oberoesterreich\/wp-content\/uploads\/sites\/5\/2025\/09\/Einladung-oben-300x167.jpg 300w, https:\/\/oekosozial.at\/oberoesterreich\/wp-content\/uploads\/sites\/5\/2025\/09\/Einladung-oben-768x428.jpg 768w, https:\/\/oekosozial.at\/oberoesterreich\/wp-content\/uploads\/sites\/5\/2025\/09\/Einladung-oben-1536x856.jpg 1536w, https:\/\/oekosozial.at\/oberoesterreich\/wp-content\/uploads\/sites\/5\/2025\/09\/Einladung-oben-100x56.jpg 100w, https:\/\/oekosozial.at\/oberoesterreich\/wp-content\/uploads\/sites\/5\/2025\/09\/Einladung-oben-758x422.jpg 758w, https:\/\/oekosozial.at\/oberoesterreich\/wp-content\/uploads\/sites\/5\/2025\/09\/Einladung-oben-968x539.jpg 968w, https:\/\/oekosozial.at\/oberoesterreich\/wp-content\/uploads\/sites\/5\/2025\/09\/Einladung-oben.jpg 1567w\" sizes=\"auto, (max-width: 1024px) 100vw, 1024px\" \/><\/figure>\n\n\n\n<p>Reinhard Kaiser-M\u00fchlecker liest aus seinem Buch &#8222;Brennende Felder&#8220;. Eine Weinbegleitung vom Weingut Velechovsky samt kleiner kulinarischen St\u00e4rkung runden die Lesung ab.<\/p>\n\n\n\n<p class=\"has-black-color has-text-color has-link-color has-medium-font-size wp-elements-eb8393576a1e19d58be1b33403a1efef\"><strong>Mittwoch, 8. Oktober 2025, 18.00 Uhr<\/strong><br>Nussb\u00f6ckgut, Gaumberg 6, 4060 Leonding<\/p>\n\n\n\n<p class=\"has-luminous-vivid-amber-color has-text-color has-link-color has-medium-font-size wp-elements-30679a633ec9c62c01dbbadcbf9b41fd\"><strong>&#8222;Hinter der l\u00e4ndlichen Idylle lauert der Abgrund&#8220;<\/strong><\/p>\n\n\n\n<p>Reinhard Kaiser-M\u00fchlecker wurde 1982 in Kirchdorf an der Krems geboren und wuchs in Eberstalzell,<br>O\u00d6, auf. Er studierte in Wien und betreibt eine Landwirtschaft. \u201eIch sehe es als eine Art<br>Verpflichtung an, die Welt, die ich kenne, erfahrbar zu machen \u2014 einem, der sie nicht kennt.\u201c<br>F\u00fcr seine Werke wurde Reinhard Kaiser-M\u00fchlecker mit zahlreichen Preisen ausgezeichnet. Der<br>Roman \u201eWilderer\u201c wurde mit dem Bayerischen Buchpreis 2022 ausgezeichnet. F\u00fcr seinen Roman<br>\u201eBrennende Felder\u201c erhielt Reinhard Kaiser-M\u00fchlecker den \u00d6sterreichischen Buchpreis 2024.<br>Darin erz\u00e4hlt der Autor spannend und wendungsreich von einer Frau, deren Unruhe mit dem Leben<br>zusammenst\u00f6\u00dft.<\/p>\n\n\n\n<p class=\"has-medium-font-size\"><strong>Begrenzte Teilnehmerzahl. Anmeldung erforderlich unter <a href=\"mailto:oberoesterreich@oekosozialesforum.at\">oberoesterreich@oekosozialesforum.at<\/a><\/strong><br><\/p>\n\n\n\n<p>F\u00fcr Weinbegleitung erlauben wir uns einen Unkostenbeitrag von 10,00 Euro\/Person einzuheben.<\/p>\n\n\n\n<p>Mit der Anmeldung erkl\u00e4ren sich die Teilnehmer einverstanden, weiterf\u00fchrende Einladungen vom <br>\u00d6kosozialen Forum Ober\u00f6sterreich zu erhalten. Diese Einwilligung kann jederzeit widerrufen werden.<\/p>\n\n\n\n<p>Das \u00d6kosoziale Forum freut sich \u00fcber Ihre Teilnahme.<\/p>\n","protected":false},"excerpt":{"rendered":"<p>Reinhard Kaiser-M\u00fchlecker liest aus seinem Buch &#8222;Brennende Felder&#8220;. Eine Weinbegleitung vom Weingut Velechovsky samt kleiner kulinarischen St\u00e4rkung runden die Lesung ab. Mittwoch, 8. Oktober 2025, 18.00 UhrNussb\u00f6ckgut, Gaumberg 6, 4060 Leonding &#8222;Hinter der l\u00e4ndlichen Idylle lauert der Abgrund&#8220; Reinhard Kaiser-M\u00fchlecker wurde 1982 in Kirchdorf an der Krems geboren und wuchs in Eberstalzell,O\u00d6, auf. Er studierte in Wien und betreibt eine &#8230;<\/p>\n","protected":false},"author":24788,"featured_media":1099,"comment_status":"closed","ping_status":"closed","sticky":false,"template":"","format":"standard","meta":{"footnotes":""},"categories":[3,1],"tags":[],"class_list":["post-1098","post","type-post","status-publish","format-standard","has-post-thumbnail","hentry","category-aktuelles","category-allgemein"],"_links":{"self":[{"href":"https:\/\/oekosozial.at\/oberoesterreich\/wp-json\/wp\/v2\/posts\/1098","targetHints":{"allow":["GET"]}}],"collection":[{"href":"https:\/\/oekosozial.at\/oberoesterreich\/wp-json\/wp\/v2\/posts"}],"about":[{"href":"https:\/\/oekosozial.at\/oberoesterreich\/wp-json\/wp\/v2\/types\/post"}],"author":[{"embeddable":true,"href":"https:\/\/oekosozial.at\/oberoesterreich\/wp-json\/wp\/v2\/users\/24788"}],"replies":[{"embeddable":true,"href":"https:\/\/oekosozial.at\/oberoesterreich\/wp-json\/wp\/v2\/comments?post=1098"}],"version-history":[{"count":3,"href":"https:\/\/oekosozial.at\/oberoesterreich\/wp-json\/wp\/v2\/posts\/1098\/revisions"}],"predecessor-version":[{"id":1102,"href":"https:\/\/oekosozial.at\/oberoesterreich\/wp-json\/wp\/v2\/posts\/1098\/revisions\/1102"}],"wp:featuredmedia":[{"embeddable":true,"href":"https:\/\/oekosozial.at\/oberoesterreich\/wp-json\/wp\/v2\/media\/1099"}],"wp:attachment":[{"href":"https:\/\/oekosozial.at\/oberoesterreich\/wp-json\/wp\/v2\/media?parent=1098"}],"wp:term":[{"taxonomy":"category","embeddable":true,"href":"https:\/\/oekosozial.at\/oberoesterreich\/wp-json\/wp\/v2\/categories?post=1098"},{"taxonomy":"post_tag","embeddable":true,"href":"https:\/\/oekosozial.at\/oberoesterreich\/wp-json\/wp\/v2\/tags?post=1098"}],"curies":[{"name":"wp","href":"https:\/\/api.w.org\/{rel}","templated":true}]}}