{"id":1083,"date":"2025-05-26T10:24:13","date_gmt":"2025-05-26T08:24:13","guid":{"rendered":"https:\/\/oekosozial.at\/oberoesterreich\/?p=1083"},"modified":"2025-07-09T12:29:34","modified_gmt":"2025-07-09T10:29:34","slug":"wasser-stoff-der-zukunft-11-06-2025-1800-uhr-bosch-engineering-center-linz","status":"publish","type":"post","link":"https:\/\/oekosozial.at\/oberoesterreich\/wasser-stoff-der-zukunft-11-06-2025-1800-uhr-bosch-engineering-center-linz\/","title":{"rendered":"NEUER TERMIN: Stoff der Zukunft &#8211; 11.11.2025, 18:00 Uhr, Bosch Engineering Center Linz"},"content":{"rendered":"\n<figure class=\"wp-block-image size-full\"><img loading=\"lazy\" decoding=\"async\" width=\"910\" height=\"786\" src=\"https:\/\/oekosozial.at\/oberoesterreich\/wp-content\/uploads\/sites\/5\/2025\/05\/Einladung_Wasser_Stoff-der-Zukunft_neuer-Termin.jpg\" alt=\"\" class=\"wp-image-1094\" srcset=\"https:\/\/oekosozial.at\/oberoesterreich\/wp-content\/uploads\/sites\/5\/2025\/05\/Einladung_Wasser_Stoff-der-Zukunft_neuer-Termin.jpg 910w, https:\/\/oekosozial.at\/oberoesterreich\/wp-content\/uploads\/sites\/5\/2025\/05\/Einladung_Wasser_Stoff-der-Zukunft_neuer-Termin-300x259.jpg 300w, https:\/\/oekosozial.at\/oberoesterreich\/wp-content\/uploads\/sites\/5\/2025\/05\/Einladung_Wasser_Stoff-der-Zukunft_neuer-Termin-768x663.jpg 768w, https:\/\/oekosozial.at\/oberoesterreich\/wp-content\/uploads\/sites\/5\/2025\/05\/Einladung_Wasser_Stoff-der-Zukunft_neuer-Termin-100x86.jpg 100w, https:\/\/oekosozial.at\/oberoesterreich\/wp-content\/uploads\/sites\/5\/2025\/05\/Einladung_Wasser_Stoff-der-Zukunft_neuer-Termin-758x655.jpg 758w\" sizes=\"auto, (max-width: 910px) 100vw, 910px\" \/><\/figure>\n\n\n\n<p>An den Standorten Wien, Linz und Hallein betreibt Bosch internationale Entwicklungs-Kompetenzzentren der Mobilit\u00e4tstechnik. Damit ist \u00d6sterreich innerhalb der Bosch-Gruppe ein wichtiger Entwicklungsstandort f\u00fcr alle Antriebsarten. Zudem leistet man bei Bosch in \u00d6sterreich wertvolle Beitr\u00e4ge bei der Entstehung innovativer L\u00f6sungen im Bereich der vernetzten Mobilit\u00e4t und K\u00fcnstlichen Intelligenz. Auch zukunftsweisende L\u00f6sungen entlang der weltweiten Wertsch\u00f6pfungskette von gr\u00fcnem Wasserstoff werden innerhalb des internationalen Bosch-Entwicklungsverbundes in \u00d6sterreich vorangetrieben.<\/p>\n\n\n\n<p><strong>PROGRAMM<\/strong><br><br>18.00 Uhr     <strong>Begr\u00fc\u00dfung<\/strong><br>                     Max Hiegelsberger, O\u00d6 Landtagspr\u00e4sident und Obmann des \u00d6kosozialen Forums O\u00d6<br><br>18:10 Uhr     <strong>Standortvorstellung<\/strong><br>                     Christian Ganser, Standortleiter Bosch Engineering Center Linz<br><br>18:40 Uhr    <strong> Referat: &#8222;Der Antrieb der Zukunft braucht Vielfalt statt Einfalt&#8220;<\/strong><br>                     Andreas Kufferath, Vice President, Robert Bosch GmbH<br><br>19:10 Uhr    <strong>Werksf\u00fchrung<\/strong><br><br>19:45 Uhr    Ausklang bei Br\u00f6tchen und Getr\u00e4nken<br><br>Wir freuen uns auf Ihre Teilnahme!<\/p>\n\n\n\n<p>Anmeldung erforderlich: <a href=\"mailto:oberoesterreich@oekosozialesforum.at\">oberoesterreich@oekosozialesforum.at<\/a><br><br>Parkpl\u00e4tze sind ausreichend vorhanden. \u00d6ffentliche Anreise: O-Bus 46, Paul-Hahn-Stra\u00dfe<\/p>\n\n\n\n<p><\/p>\n","protected":false},"excerpt":{"rendered":"<p>An den Standorten Wien, Linz und Hallein betreibt Bosch internationale Entwicklungs-Kompetenzzentren der Mobilit\u00e4tstechnik. Damit ist \u00d6sterreich innerhalb der Bosch-Gruppe ein wichtiger Entwicklungsstandort f\u00fcr alle Antriebsarten. Zudem leistet man bei Bosch in \u00d6sterreich wertvolle Beitr\u00e4ge bei der Entstehung innovativer L\u00f6sungen im Bereich der vernetzten Mobilit\u00e4t und K\u00fcnstlichen Intelligenz. Auch zukunftsweisende L\u00f6sungen entlang der weltweiten Wertsch\u00f6pfungskette von gr\u00fcnem Wasserstoff werden innerhalb des &#8230;<\/p>\n","protected":false},"author":24788,"featured_media":1094,"comment_status":"closed","ping_status":"closed","sticky":false,"template":"","format":"standard","meta":{"footnotes":""},"categories":[3,1],"tags":[],"class_list":["post-1083","post","type-post","status-publish","format-standard","has-post-thumbnail","hentry","category-aktuelles","category-allgemein"],"_links":{"self":[{"href":"https:\/\/oekosozial.at\/oberoesterreich\/wp-json\/wp\/v2\/posts\/1083","targetHints":{"allow":["GET"]}}],"collection":[{"href":"https:\/\/oekosozial.at\/oberoesterreich\/wp-json\/wp\/v2\/posts"}],"about":[{"href":"https:\/\/oekosozial.at\/oberoesterreich\/wp-json\/wp\/v2\/types\/post"}],"author":[{"embeddable":true,"href":"https:\/\/oekosozial.at\/oberoesterreich\/wp-json\/wp\/v2\/users\/24788"}],"replies":[{"embeddable":true,"href":"https:\/\/oekosozial.at\/oberoesterreich\/wp-json\/wp\/v2\/comments?post=1083"}],"version-history":[{"count":6,"href":"https:\/\/oekosozial.at\/oberoesterreich\/wp-json\/wp\/v2\/posts\/1083\/revisions"}],"predecessor-version":[{"id":1095,"href":"https:\/\/oekosozial.at\/oberoesterreich\/wp-json\/wp\/v2\/posts\/1083\/revisions\/1095"}],"wp:featuredmedia":[{"embeddable":true,"href":"https:\/\/oekosozial.at\/oberoesterreich\/wp-json\/wp\/v2\/media\/1094"}],"wp:attachment":[{"href":"https:\/\/oekosozial.at\/oberoesterreich\/wp-json\/wp\/v2\/media?parent=1083"}],"wp:term":[{"taxonomy":"category","embeddable":true,"href":"https:\/\/oekosozial.at\/oberoesterreich\/wp-json\/wp\/v2\/categories?post=1083"},{"taxonomy":"post_tag","embeddable":true,"href":"https:\/\/oekosozial.at\/oberoesterreich\/wp-json\/wp\/v2\/tags?post=1083"}],"curies":[{"name":"wp","href":"https:\/\/api.w.org\/{rel}","templated":true}]}}