{"id":531,"date":"2020-10-06T17:54:46","date_gmt":"2020-10-06T15:54:46","guid":{"rendered":"https:\/\/oekosozial.at\/kaernten\/?p=531"},"modified":"2020-10-06T18:40:47","modified_gmt":"2020-10-06T16:40:47","slug":"auf-dem-holzweg-richtung-zukunft","status":"publish","type":"post","link":"https:\/\/oekosozial.at\/kaernten\/auf-dem-holzweg-richtung-zukunft\/","title":{"rendered":"Auf dem Holzweg Richtung Zukunft!"},"content":{"rendered":"\n<p>Der Klimaschutzbericht von Global2000 zeigt Licht und Schatten f\u00fcr K\u00e4rnten. Wir haben zwar die Nase vorn beim Anteil erneuerbarer Energie am Gesamtenergiebedarf, aber noch immer heizen 60.000 K\u00e4rntner Haushalte mit \u00d6l. Die Treibhausgas-Emissionen sind in den vergangenen Jahren zwar gesunken, pro Kopf aber die zweith\u00f6chsten im Bundesl\u00e4ndervergleich. Ohne ambitionierte Ma\u00dfnahmen ist K\u00e4rnten weit davon entfernt die Paris-Ziele zu erreichen. Was also tun um die Wirtschaft am Laufen zu halten und einen gr\u00f6\u00dferen Beitrag zum Klimaschutz zu leisten?<\/p>\n\n\n\n<p>Eine zentrale Antwort f\u00fcr K\u00e4rnten kann der vermehrte Einsatz von Holz am Bau und in der Energie sein. Der klimaneutrale Rohstoff ist in F\u00fclle vorhanden \u2013 pro Jahr wachsen in K\u00e4rnten mehr als 0,6 Mio. Festmeter an Holz mehr nach als genutzt werden. Eine Menge, die ausreicht um knapp 140.000 Tonnen \u00d6l-Importe pro Jahr zu substituieren oder mehr als 10.000 Einfamilienh\u00e4user aus Holz zu bauen. In der Bauwirtschaft entwickelt Holz sogar einen zweifachen Vorteil f\u00fcr den Klimaschutz: zum einen wird durch jeden verbauten Kubikmeter Holz rund 1 Tonne CO<sub>2<\/sub> langfristig gebunden, zum anderen werden energieintensiv produzierte Rohstoffe wie Stahl oder Beton ersetzt. Und noch einen Vorteil hat der Einsatz von Holz \u2013 er bringt Wertsch\u00f6pfung ins Land. Bereits jetzt sichert die holzverarbeitende Industrie mehr als 20.000 Arbeitspl\u00e4tze in K\u00e4rnten.<\/p>\n\n\n\n<p>Vieles hat die Politik in den vergangenen Jahrzehnten beim Thema Holz richtiggemacht. Aber es muss noch mehr getan werden! Die Bundesregierung hat mit der Vorlage eines ambitionierten Erneuerbaren Energie Ausbau-Gesetzes einen gro\u00dfen Schritt getan. Auf Landesebene darf nun die Holz-Mobilisierung aus den W\u00e4ldern nicht durch \u00fcberzogene Sorgen des Naturschutzes konterkariert werden, denn Klimaschutz ist Umweltschutz! Und beim \u00f6ffentlichen Bau gibt es auch in K\u00e4rnten noch Potenzial um mehr Holz einzusetzen. &nbsp;Das spart CO<sub>2<\/sub>, sichert Wertsch\u00f6pfung und w\u00fcrde sich bestens in das Standortmarketing des Landes einf\u00fcgen. Worauf also warten? Der Holzweg, ist ein Weg in eine \u00f6kosoziale Zukunft!<\/p>\n","protected":false},"excerpt":{"rendered":"<p>Der Klimaschutzbericht von Global2000 zeigt Licht und Schatten f\u00fcr K\u00e4rnten. Wir haben zwar die Nase vorn beim Anteil erneuerbarer Energie am Gesamtenergiebedarf, aber noch immer heizen 60.000 K\u00e4rntner Haushalte mit \u00d6l. Die Treibhausgas-Emissionen sind in den vergangenen Jahren zwar gesunken, pro Kopf aber die zweith\u00f6chsten im Bundesl\u00e4ndervergleich. Ohne ambitionierte Ma\u00dfnahmen ist K\u00e4rnten weit davon entfernt die Paris-Ziele zu erreichen. Was &#8230;<\/p>\n","protected":false},"author":15,"featured_media":533,"comment_status":"closed","ping_status":"closed","sticky":false,"template":"","format":"standard","meta":{"footnotes":""},"categories":[1,6],"tags":[],"class_list":["post-531","post","type-post","status-publish","format-standard","has-post-thumbnail","hentry","category-allgemein","category-presseaussendungen"],"_links":{"self":[{"href":"https:\/\/oekosozial.at\/kaernten\/wp-json\/wp\/v2\/posts\/531","targetHints":{"allow":["GET"]}}],"collection":[{"href":"https:\/\/oekosozial.at\/kaernten\/wp-json\/wp\/v2\/posts"}],"about":[{"href":"https:\/\/oekosozial.at\/kaernten\/wp-json\/wp\/v2\/types\/post"}],"author":[{"embeddable":true,"href":"https:\/\/oekosozial.at\/kaernten\/wp-json\/wp\/v2\/users\/15"}],"replies":[{"embeddable":true,"href":"https:\/\/oekosozial.at\/kaernten\/wp-json\/wp\/v2\/comments?post=531"}],"version-history":[{"count":1,"href":"https:\/\/oekosozial.at\/kaernten\/wp-json\/wp\/v2\/posts\/531\/revisions"}],"predecessor-version":[{"id":534,"href":"https:\/\/oekosozial.at\/kaernten\/wp-json\/wp\/v2\/posts\/531\/revisions\/534"}],"wp:featuredmedia":[{"embeddable":true,"href":"https:\/\/oekosozial.at\/kaernten\/wp-json\/wp\/v2\/media\/533"}],"wp:attachment":[{"href":"https:\/\/oekosozial.at\/kaernten\/wp-json\/wp\/v2\/media?parent=531"}],"wp:term":[{"taxonomy":"category","embeddable":true,"href":"https:\/\/oekosozial.at\/kaernten\/wp-json\/wp\/v2\/categories?post=531"},{"taxonomy":"post_tag","embeddable":true,"href":"https:\/\/oekosozial.at\/kaernten\/wp-json\/wp\/v2\/tags?post=531"}],"curies":[{"name":"wp","href":"https:\/\/api.w.org\/{rel}","templated":true}]}}