{"id":473,"date":"2019-10-12T20:19:24","date_gmt":"2019-10-12T18:19:24","guid":{"rendered":"https:\/\/oekosozial.at\/kaernten\/?p=473"},"modified":"2019-10-12T20:19:24","modified_gmt":"2019-10-12T18:19:24","slug":"welternaehrungstag-2019-gegen-hunger-ist-teilen-das-beste-rezept","status":"publish","type":"post","link":"https:\/\/oekosozial.at\/kaernten\/welternaehrungstag-2019-gegen-hunger-ist-teilen-das-beste-rezept\/","title":{"rendered":"Weltern\u00e4hrungstag 2019: Gegen Hunger ist Teilen das beste Rezept!"},"content":{"rendered":"\n<p><strong>\u00d6kosoziales\nForum und die K\u00e4rntner Pfadfinder machen mit One-World-Dinner auf die\nUngleichverteilung von Nahrung aufmerksam und fordern gemeinsam die Aufstockung\nder Hungerhilfe auf 0,7% des Bruttosozialprodukts von der n\u00e4chsten\nBundesregierung. <\/strong><\/p>\n\n\n\n<p>Trotz Hochkonjunktur der letzten Jahre\nleiden weltweit mehr als 800 Millionen Menschen an Hunger. Kinder sind dabei besonders\nbetroffen. Laut Vereinten Nationen stirbt weltweit alle zehn Sekunden ein Kind\nunter f\u00fcnf Jahren, weil es nicht genug zu essen hat. W\u00e4hrenddessen leiden bereits\nimmer mehr Kinder in der industrialisierten Welt an \u00dcbergewicht, dessen Folgen &nbsp;zu einer der h\u00e4ufigsten Todesursache z\u00e4hlen. Die\nLebensmittelverschwendung hat unvorstellbare Ausma\u00dfe angenommen, allein in\nK\u00e4rnten werden j\u00e4hrlich 37.500 Tonnen genusstaugliche Lebensmittel weggeworfen.\nDas sind unglaubliche 67 kg\/Einwohner!<\/p>\n\n\n\n<p><strong>One\nWorld Dinner: Weltern\u00e4hrungssituation am eigenen Leib erfahren<\/strong><\/p>\n\n\n\n<p>Vor diesem Hintergrund r\u00fcckt das\n\u00d6kosoziale Forum K\u00e4rnten gemeinsam mit den K\u00e4rntner Pfadfindern anl\u00e4sslich des\nbevorstehenden Weltern\u00e4hrungstages am 16. Oktober die weltweite\nUngleichverteilung von Nahrung in den Mittelpunkt. Er\u00f6ffnet wird die\nVeranstaltung durch einen mahnenden Impuls-Vortrag der Kindernothilfe\n\u00d6sterreich. Darauf folgt das zentrale Element der Veranstaltung &#8211; ein One-World\nDinner. Dieses gemeinsame Essen spiegelt die Weltern\u00e4hrungssituation an einem\nOrt wider. Das Los entscheidet wer von den rund 70 PfadfinderInnen und\ngeladenen G\u00e4sten aus Wirtschaft, Gesellschaft und Medien \u2013 welche die\nWeltbev\u00f6lkerung repr\u00e4sentieren \u2013 entweder ein \u00fcppiges Festmahl genie\u00dfen darf,\neinen Eintopf zum Sattwerden bekommt oder mit einer Sch\u00fcssel Reis zufrieden\nsein muss. Die TeilnehmerInnen erleben so am eigenen Leib, dass alle genug zu\nessen haben, wenn gerecht geteilt w\u00fcrde. <\/p>\n\n\n\n<p>In seinen Gru\u00dfworten bezeichnete DI\nMag. Bernhard Rebernig, Pr\u00e4sident des \u00d6kosozialen Forums K\u00e4rnten, die Tatsache,\ndass nach wie vor j\u00e4hrlich Millionen Kinder verhungern als \u201ezivilisatorische Schande\u201c.\nVor dem Hintergrund, dass in \u00d6sterreich pro Haushalt und Jahr Lebensmittel im\nWert von durchschnittlich rund 300 Euro weggeworfen werden appelliert Rebernig\nf\u00fcr einen bewussteren Umgang mit Lebensmitteln: \u201eWer seinen Lebensmittelabfall\nreduziert, spart bares Geld. Wer zudem einen Teil der Summe f\u00fcr jene Menschen\nspendet die Hunger leiden zeigt, dass Teilen eine echte Antwort auf das Problem\nist!\u201c<br><\/p>\n\n\n\n<p><strong>Den Hunger in der Welt und im eigenen\nLand bek\u00e4mpfen<\/strong><\/p>\n\n\n\n<p>\u201eDie Ressourcen unserer Erde sind\nlimitiert und trotzdem ausreichend, alle Menschen dieser Welt zu ern\u00e4hren\u201c, ist\nAndreas Ellersdorfer, Landessekret\u00e4r der K\u00e4rntner Pfadfinder \u00fcberzeugt. \u201eDie\nBilder hungernder Menschen, insbesondere Kinder in Afrika und Asien werden uns\nseit \u00fcber 50 Jahren in unsere Wohnzimmer transportiert und trotzdem vergr\u00f6\u00dfert\nsich die Problemstellung Hunger. Aus Sicht eines Funktion\u00e4rs einer\nweltumspannenden Jugendorganisation ist das ein Skandal, der kaum zu greifen\nist. Der Klimawandel versch\u00e4rft die Lage zudem. Daher sollte \u00d6sterreich sein\nBudget in der Entwicklungshilfe drastisch erh\u00f6hen und den Partnern in der EU\nein Vorbild sein\u201c, fordert Ellersdorfer.<\/p>\n\n\n\n<p><strong>0,7%\ndes Bruttonationaleinkommens f\u00fcr die Hungerbek\u00e4mpfung<\/strong><\/p>\n\n\n\n<p>Gemeinsam fordern \u00d6kosoziales Forum K\u00e4rnten und die K\u00e4rntner\nPfadfinder die n\u00e4chste Bundesregierung auf, sich in ihrem Regierungsprogramm\nzum UN-Ziel 0,7% des Bruttonationaleinkommens f\u00fcr die Entwicklungszusammenarbeit\naufzubringen, zu verpflichten. Nur so kann \u00d6sterreich jenen Beitrag im Kampf\ngegen den weltweiten Hunger leisten, zu dem sich gegen\u00fcber den Vereinten\nNationen verpflichtet hat. Weltweites Ziel ist, bis zum Jahr 2030 den globalen\nHunger zu beenden, die Ern\u00e4hrungssicherheit zu f\u00f6rdern und alle Formen der\nFehlern\u00e4hrung zu beenden. \u201eDer Wohlstand den wir uns in \u00d6sterreich erarbeitet\nhaben, beruht zum Teil auf den Import billiger Rohstoffe aus L\u00e4ndern in denen\nder Hunger heute weit verbreitet ist. Daher gibt es auch f\u00fcr \u00d6sterreich eine\nhistorische Verantwortung einen aktiven Beitrag zur Reduktion des Hungers in\ndiesen L\u00e4ndern zu leisten!\u201c so Rebernig und Ellersdorfer abschlie\u00dfend. <\/p>\n\n\n\n<p><strong>Hintergrundinformation<\/strong><\/p>\n\n\n\n<ul class=\"wp-block-list\"><li>821,6\nMillionen Menschen leiden unter Hunger (jeder neunte Mensch).<\/li><li>Davon\n513,9 Millionen in Asien, 256,1 Millionen in Afrika und 42,5 Millionen in\nLateinamerika und Karibik.<\/li><li>Zwei\nMilliarden Menschen sind von moderater oder schwerer Nahrungsmittelunsicherheit\nbetroffen, haben also keinen verl\u00e4sslichen Zugang zu Nahrung.<\/li><li>148,9\nMillionen Kinder unter f\u00fcnf Jahren (21,9 Prozent) sind wegen chronischer <a href=\"https:\/\/www.unicef.de\/informieren\/aktuelles\/blog\/hungersnot-was-ist-das\/135664\">Mangelern\u00e4hrung <\/a>unterentwickelt, 49,5 Millionen\nKinder unter f\u00fcnf Jahren (7,3 Prozent) sind zu leicht f\u00fcr ihre K\u00f6rpergr\u00f6\u00dfe.<\/li><li>40\nMillionen Kinder unter f\u00fcnf Jahren (5,9 Prozent) sind \u00fcbergewichtig.<\/li><li>338\nMillionen Schulkinder und Heranwachsende sind \u00fcbergewichtig.<\/li><li>672\nMillionen Erwachsene sind fettleibig (13 Prozent).<\/li><\/ul>\n\n\n\n<p><strong>Quelle: <\/strong>State of Food Security and Nutrition in the World\n2019<\/p>\n","protected":false},"excerpt":{"rendered":"<p>\u00d6kosoziales Forum und die K\u00e4rntner Pfadfinder machen mit One-World-Dinner auf die Ungleichverteilung von Nahrung aufmerksam und fordern gemeinsam die Aufstockung der Hungerhilfe auf 0,7% des Bruttosozialprodukts von der n\u00e4chsten Bundesregierung. Trotz Hochkonjunktur der letzten Jahre leiden weltweit mehr als 800 Millionen Menschen an Hunger. Kinder sind dabei besonders betroffen. Laut Vereinten Nationen stirbt weltweit alle zehn Sekunden ein Kind unter &#8230;<\/p>\n","protected":false},"author":15,"featured_media":474,"comment_status":"closed","ping_status":"closed","sticky":false,"template":"","format":"standard","meta":{"footnotes":""},"categories":[4],"tags":[],"class_list":["post-473","post","type-post","status-publish","format-standard","has-post-thumbnail","hentry","category-nachlese"],"_links":{"self":[{"href":"https:\/\/oekosozial.at\/kaernten\/wp-json\/wp\/v2\/posts\/473","targetHints":{"allow":["GET"]}}],"collection":[{"href":"https:\/\/oekosozial.at\/kaernten\/wp-json\/wp\/v2\/posts"}],"about":[{"href":"https:\/\/oekosozial.at\/kaernten\/wp-json\/wp\/v2\/types\/post"}],"author":[{"embeddable":true,"href":"https:\/\/oekosozial.at\/kaernten\/wp-json\/wp\/v2\/users\/15"}],"replies":[{"embeddable":true,"href":"https:\/\/oekosozial.at\/kaernten\/wp-json\/wp\/v2\/comments?post=473"}],"version-history":[{"count":1,"href":"https:\/\/oekosozial.at\/kaernten\/wp-json\/wp\/v2\/posts\/473\/revisions"}],"predecessor-version":[{"id":475,"href":"https:\/\/oekosozial.at\/kaernten\/wp-json\/wp\/v2\/posts\/473\/revisions\/475"}],"wp:featuredmedia":[{"embeddable":true,"href":"https:\/\/oekosozial.at\/kaernten\/wp-json\/wp\/v2\/media\/474"}],"wp:attachment":[{"href":"https:\/\/oekosozial.at\/kaernten\/wp-json\/wp\/v2\/media?parent=473"}],"wp:term":[{"taxonomy":"category","embeddable":true,"href":"https:\/\/oekosozial.at\/kaernten\/wp-json\/wp\/v2\/categories?post=473"},{"taxonomy":"post_tag","embeddable":true,"href":"https:\/\/oekosozial.at\/kaernten\/wp-json\/wp\/v2\/tags?post=473"}],"curies":[{"name":"wp","href":"https:\/\/api.w.org\/{rel}","templated":true}]}}