{"id":454,"date":"2019-05-27T15:29:13","date_gmt":"2019-05-27T13:29:13","guid":{"rendered":"https:\/\/oekosozial.at\/kaernten\/?p=454"},"modified":"2019-05-27T16:06:44","modified_gmt":"2019-05-27T14:06:44","slug":"4-zukunftskino-the-green-lie","status":"publish","type":"post","link":"https:\/\/oekosozial.at\/kaernten\/4-zukunftskino-the-green-lie\/","title":{"rendered":"4. Zukunftskino &#8222;The Green Lie&#8220;"},"content":{"rendered":"\n<p>Umweltschonende Elektroautos, nachhaltig produzierte Lebensmittel, faire Produktion: Hurra! Wenn wir den Konzernen Glauben schenken, k\u00f6nnen wir mit Kaufentscheidungen die Welt retten. Aber das ist eine popul\u00e4re und gef\u00e4hrliche L\u00fcge. Gemeinsam mit der Greenwashing-Expertin Kathrin Hartmann zeigt <strong>Werner Boote<\/strong> (\u201ePlastic Planet\u201c, \u201eAlles unter Kontrolle\u201c) in seinem neuen Dokumentarfilm, wie wir uns dagegen wehren k\u00f6nnen.<\/p>\n\n\n\n<p>Gemeinsam mit der \u00d6H FH K\u00e4rnten und der FH K\u00e4rnten l\u00e4dt das \u00d6kosoziale Forum K\u00e4rnten zum 4. K\u00e4rntner Zukunftskino,&nbsp; wo das&nbsp;Thema &#8222;Green Washing&#8220; im Fokus steht.<\/p>\n\n\n\n<p><strong>FILM<\/strong>:&nbsp;&nbsp;&nbsp; Die Gr\u00fcne L\u00fcge<\/p>\n\n\n\n<p><strong>WANN<\/strong>:&nbsp; Dienstag, 18. Juni um 18:30 <\/p>\n\n\n\n<p><strong>WO<\/strong>:       Audimax der FH K\u00e4rnten &#8211; Campus Villach, Europastra\u00dfe 4 <\/p>\n\n\n\n<p>Im Anschluss diskutieren wir mit <strong>Markus Ertl<\/strong>, Regionalsprecher der <strong>Gr\u00fcnen Wirtschaft K\u00e4rnten<\/strong>, wie man Green Washing erkennt und welche K\u00e4rntner Unternehmen wirklich &#8222;green&#8220; sind beziehungsweise dabei sind es zu werden! <\/p>\n\n\n\n<p>Wir freuen uns auf Ihr Kommen und einen informativen Filmabend sowie eine spannende Diskussion!<\/p>\n\n\n\n<p><\/p>\n","protected":false},"excerpt":{"rendered":"<p>Umweltschonende Elektroautos, nachhaltig produzierte Lebensmittel, faire Produktion: Hurra! Wenn wir den Konzernen Glauben schenken, k\u00f6nnen wir mit Kaufentscheidungen die Welt retten. Aber das ist eine popul\u00e4re und gef\u00e4hrliche L\u00fcge. Gemeinsam mit der Greenwashing-Expertin Kathrin Hartmann zeigt Werner Boote (\u201ePlastic Planet\u201c, \u201eAlles unter Kontrolle\u201c) in seinem neuen Dokumentarfilm, wie wir uns dagegen wehren k\u00f6nnen. Gemeinsam mit der \u00d6H FH K\u00e4rnten und &#8230;<\/p>\n","protected":false},"author":15,"featured_media":455,"comment_status":"closed","ping_status":"closed","sticky":false,"template":"","format":"standard","meta":{"footnotes":""},"categories":[3],"tags":[],"class_list":["post-454","post","type-post","status-publish","format-standard","has-post-thumbnail","hentry","category-veranstaltungen"],"_links":{"self":[{"href":"https:\/\/oekosozial.at\/kaernten\/wp-json\/wp\/v2\/posts\/454","targetHints":{"allow":["GET"]}}],"collection":[{"href":"https:\/\/oekosozial.at\/kaernten\/wp-json\/wp\/v2\/posts"}],"about":[{"href":"https:\/\/oekosozial.at\/kaernten\/wp-json\/wp\/v2\/types\/post"}],"author":[{"embeddable":true,"href":"https:\/\/oekosozial.at\/kaernten\/wp-json\/wp\/v2\/users\/15"}],"replies":[{"embeddable":true,"href":"https:\/\/oekosozial.at\/kaernten\/wp-json\/wp\/v2\/comments?post=454"}],"version-history":[{"count":3,"href":"https:\/\/oekosozial.at\/kaernten\/wp-json\/wp\/v2\/posts\/454\/revisions"}],"predecessor-version":[{"id":458,"href":"https:\/\/oekosozial.at\/kaernten\/wp-json\/wp\/v2\/posts\/454\/revisions\/458"}],"wp:featuredmedia":[{"embeddable":true,"href":"https:\/\/oekosozial.at\/kaernten\/wp-json\/wp\/v2\/media\/455"}],"wp:attachment":[{"href":"https:\/\/oekosozial.at\/kaernten\/wp-json\/wp\/v2\/media?parent=454"}],"wp:term":[{"taxonomy":"category","embeddable":true,"href":"https:\/\/oekosozial.at\/kaernten\/wp-json\/wp\/v2\/categories?post=454"},{"taxonomy":"post_tag","embeddable":true,"href":"https:\/\/oekosozial.at\/kaernten\/wp-json\/wp\/v2\/tags?post=454"}],"curies":[{"name":"wp","href":"https:\/\/api.w.org\/{rel}","templated":true}]}}