{"id":440,"date":"2019-04-05T12:18:22","date_gmt":"2019-04-05T10:18:22","guid":{"rendered":"https:\/\/oekosozial.at\/kaernten\/?p=440"},"modified":"2019-04-05T12:18:23","modified_gmt":"2019-04-05T10:18:23","slug":"buchpraesentation-in-meinem-ich-wege-zur-selbstliebe-und-gespraech-mit-autorin-sabine-pelzmann-10-april-2019","status":"publish","type":"post","link":"https:\/\/oekosozial.at\/kaernten\/buchpraesentation-in-meinem-ich-wege-zur-selbstliebe-und-gespraech-mit-autorin-sabine-pelzmann-10-april-2019\/","title":{"rendered":"Buchpr\u00e4sentation \u201eIn meinem Ich: Wege zur Selbstliebe\u201c und Gespr\u00e4ch mit Autorin Sabine Pelzmann &#8211; 10. April 2019"},"content":{"rendered":"\n<p>\nSehr geehrte Damen und Herren! \n\n\n\n\n<\/p>\n\n\n\n<p>Wir, das&nbsp;\u00f6kosoziale Forum \nK\u00e4rnten,&nbsp;laden Sie zur Pr\u00e4sentation des Buchs &#8222;In meinem Ich: Wege zur \nSelbstliebe&#8220; samt anschlie\u00dfendem Gespr\u00e4ch mit Autorin DI Sabine Pelzmann\n ein, welche wir gemeinsam mit dem Bildungshaus\nSchloss Krastowitz, der Landwirtschaftskammer K\u00e4rnten und der &#8222;Kleinen \nZeitung&#8220; durchf\u00fchren.<\/p>\n\n\n\n<p>Sabine Pelzmann pl\u00e4diert in ihrem Buch f\u00fcr mehr <strong>Mut zu Ver\u00e4nderung <\/strong>&#8211; in Verbundenheit mit uns selbst und anderen. In diesem Buch geht es darum, wie wir in einer komplexen und dynamischen Welt <strong>gute Entscheidungen treffen k\u00f6nnen<\/strong>. Selbstliebe bedeutet, unseren  Gestaltungsspielraum zu nutzen und den pers\u00f6nlichen Kern immer weiter  herauszusch\u00e4len und zu entfalten. Es geht darum, den eigenen Sehns\u00fcchten  mehr Raum zu geben. <\/p>\n\n\n\n<p>Wann:\u00a0\u00a0\u00a0\u00a0\u00a0\u00a0\u00a0\u00a0\u00a0\u00a0\u00a0\u00a0\u00a0\u00a0\u00a0 Mittwoch, 10. April 2019 \u2022 19.00 Uhr  <\/p>\n\n\n\n<p>Wo:\u00a0\u00a0\u00a0\u00a0\u00a0\u00a0\u00a0\u00a0\u00a0\u00a0\u00a0\u00a0\u00a0\u00a0\u00a0\u00a0\u00a0\u00a0\u00a0 Bildungshaus Schloss Krastowitz<\/p>\n\n\n\n<p>Was:\u00a0\u00a0\u00a0\u00a0\u00a0\u00a0\u00a0\u00a0\u00a0\u00a0\u00a0\u00a0\u00a0\u00a0 \u00a0\u00a0\u00a0\u00a0Buchpr\u00e4sentation &#8222;<strong>In meinem Ich: Wege zur Selbstliebe<\/strong>&#8220; von Dipl.-Ing. <strong>Sabine Pelzmann <\/strong><\/p>\n\n\n\n<p class=\"has-text-color has-very-light-gray-color\">&#8211;<\/p>\n\n\n\n<p>Wir freuen uns auf Ihr Kommen!<\/p>\n","protected":false},"excerpt":{"rendered":"<p>Sehr geehrte Damen und Herren! Wir, das&nbsp;\u00f6kosoziale Forum K\u00e4rnten,&nbsp;laden Sie zur Pr\u00e4sentation des Buchs &#8222;In meinem Ich: Wege zur Selbstliebe&#8220; samt anschlie\u00dfendem Gespr\u00e4ch mit Autorin DI Sabine Pelzmann ein, welche wir gemeinsam mit dem Bildungshaus Schloss Krastowitz, der Landwirtschaftskammer K\u00e4rnten und der &#8222;Kleinen Zeitung&#8220; durchf\u00fchren. Sabine Pelzmann pl\u00e4diert in ihrem Buch f\u00fcr mehr Mut zu Ver\u00e4nderung &#8211; in Verbundenheit mit &#8230;<\/p>\n","protected":false},"author":15,"featured_media":443,"comment_status":"closed","ping_status":"closed","sticky":false,"template":"","format":"standard","meta":{"footnotes":""},"categories":[3],"tags":[],"class_list":["post-440","post","type-post","status-publish","format-standard","has-post-thumbnail","hentry","category-veranstaltungen"],"_links":{"self":[{"href":"https:\/\/oekosozial.at\/kaernten\/wp-json\/wp\/v2\/posts\/440","targetHints":{"allow":["GET"]}}],"collection":[{"href":"https:\/\/oekosozial.at\/kaernten\/wp-json\/wp\/v2\/posts"}],"about":[{"href":"https:\/\/oekosozial.at\/kaernten\/wp-json\/wp\/v2\/types\/post"}],"author":[{"embeddable":true,"href":"https:\/\/oekosozial.at\/kaernten\/wp-json\/wp\/v2\/users\/15"}],"replies":[{"embeddable":true,"href":"https:\/\/oekosozial.at\/kaernten\/wp-json\/wp\/v2\/comments?post=440"}],"version-history":[{"count":2,"href":"https:\/\/oekosozial.at\/kaernten\/wp-json\/wp\/v2\/posts\/440\/revisions"}],"predecessor-version":[{"id":444,"href":"https:\/\/oekosozial.at\/kaernten\/wp-json\/wp\/v2\/posts\/440\/revisions\/444"}],"wp:featuredmedia":[{"embeddable":true,"href":"https:\/\/oekosozial.at\/kaernten\/wp-json\/wp\/v2\/media\/443"}],"wp:attachment":[{"href":"https:\/\/oekosozial.at\/kaernten\/wp-json\/wp\/v2\/media?parent=440"}],"wp:term":[{"taxonomy":"category","embeddable":true,"href":"https:\/\/oekosozial.at\/kaernten\/wp-json\/wp\/v2\/categories?post=440"},{"taxonomy":"post_tag","embeddable":true,"href":"https:\/\/oekosozial.at\/kaernten\/wp-json\/wp\/v2\/tags?post=440"}],"curies":[{"name":"wp","href":"https:\/\/api.w.org\/{rel}","templated":true}]}}