{"id":432,"date":"2019-03-14T21:02:05","date_gmt":"2019-03-14T20:02:05","guid":{"rendered":"https:\/\/oekosozial.at\/kaernten\/?p=432"},"modified":"2019-03-18T21:02:51","modified_gmt":"2019-03-18T20:02:51","slug":"bodenverbrauch-in-kaernten-reduzieren","status":"publish","type":"post","link":"https:\/\/oekosozial.at\/kaernten\/bodenverbrauch-in-kaernten-reduzieren\/","title":{"rendered":"Bodenverbrauch in K\u00e4rnten reduzieren!"},"content":{"rendered":"\n<blockquote style=\"text-align:center\" class=\"wp-block-quote is-layout-flow wp-block-quote-is-layout-flow\"><p><em>\u201eEine Nation die ihren Boden zerst\u00f6rt, zerst\u00f6rt sich selber\u201c<\/em><\/p><cite>Franklin D. Roosevelt<\/cite><\/blockquote>\n\n\n\n<p>In K\u00e4rnten gingen in den letzten zehn Jahren im Durchschnitt t\u00e4glich 3,3 Hektar an landwirtschaftlicher Nutzfl\u00e4che verloren, weil sie verbaut wurden. Das entspricht einer Fl\u00e4che von rund 60 Bauernh\u00f6fen pro Jahr! Unser Boden ist aber nicht nur Grundlage der regionalen Lebensmittelproduktion und damit der Versorgung der Bev\u00f6lkerung, er hilft auch bei der Regulierung von Hochwasserereignissen und bei der Stabilisierung des Klimas. Ein Kubikmeter Boden kann etwa 300 Liter Wasser aufnehmen und ein Hektar bis zu 120 Tonnen CO<sub>2<\/sub> speichern!<\/p>\n\n\n\n<p>Vor diesem Hintergrund fordert das \u00d6kosoziale Forum K\u00e4rnten die K\u00e4rntner Landesregierung auf in der Novelle des K\u00e4rntner Raumordnungsgesetzes folgende Ansatzpunkte zur Reduktion des Bodenverbrauchs umzusetzen.<\/p>\n\n\n\n<p><strong>1.Bodenverbrauch halbieren: <\/strong><\/p>\n\n\n\n<p>Halbierung des&nbsp; Bodenverbrauchs auf maximal 1,5 Hektar bis\n2025 im K\u00e4rntner Raumordnungsgesetz als priorit\u00e4res Ziel festschreiben.<\/p>\n\n\n\n<p><strong>2.Einkaufsfl\u00e4chen reduzieren:<\/strong><\/p>\n\n\n\n<p>Einf\u00fchrung einer\ngesetzlichen Verpflichtung zum sparsamen Umgang mit Boden f\u00fcr Einkaufszentren.\nNeue Einkaufszentren sollen zumindest zweigeschossig ausgef\u00fchrt werden und zwei\nDrittel aller Parkpl\u00e4tze sollen verpflichtend in Garagen oder auf dem Dach\nerrichtet werden m\u00fcssen, wie dies zum Beispiel in Vorarlberg bereits der Fall\nist.<\/p>\n\n\n\n<p><strong>3.Fl\u00e4chenmanagement-Datenbank einf\u00fchren: <\/strong><\/p>\n\n\n\n<p>Selbstverpflichtung zur Einf\u00fchrung\ndieses Raumplanungsinstruments im K\u00e4rntner Raumordnungsgesetz. Die Datenbank\nunterst\u00fctzt&nbsp; Gemeinden dabei Baul\u00fccken\n&amp; Leerst\u00e4nde in Ortskernen transparent zu erfassen und darauf aufbauend\nbestm\u00f6glich zu nutzen, anstatt immer neues Bauland zu widmen (siehe dazu\nBest-Practice Beispiele in Nieder\u00f6sterreich und Bayern).<\/p>\n","protected":false},"excerpt":{"rendered":"<p>\u201eEine Nation die ihren Boden zerst\u00f6rt, zerst\u00f6rt sich selber\u201c Franklin D. Roosevelt In K\u00e4rnten gingen in den letzten zehn Jahren im Durchschnitt t\u00e4glich 3,3 Hektar an landwirtschaftlicher Nutzfl\u00e4che verloren, weil sie verbaut wurden. Das entspricht einer Fl\u00e4che von rund 60 Bauernh\u00f6fen pro Jahr! Unser Boden ist aber nicht nur Grundlage der regionalen Lebensmittelproduktion und damit der Versorgung der Bev\u00f6lkerung, er &#8230;<\/p>\n","protected":false},"author":15,"featured_media":0,"comment_status":"closed","ping_status":"closed","sticky":false,"template":"","format":"standard","meta":{"footnotes":""},"categories":[5],"tags":[],"class_list":["post-432","post","type-post","status-publish","format-standard","hentry","category-forderungen","no-post-thumbnail"],"_links":{"self":[{"href":"https:\/\/oekosozial.at\/kaernten\/wp-json\/wp\/v2\/posts\/432","targetHints":{"allow":["GET"]}}],"collection":[{"href":"https:\/\/oekosozial.at\/kaernten\/wp-json\/wp\/v2\/posts"}],"about":[{"href":"https:\/\/oekosozial.at\/kaernten\/wp-json\/wp\/v2\/types\/post"}],"author":[{"embeddable":true,"href":"https:\/\/oekosozial.at\/kaernten\/wp-json\/wp\/v2\/users\/15"}],"replies":[{"embeddable":true,"href":"https:\/\/oekosozial.at\/kaernten\/wp-json\/wp\/v2\/comments?post=432"}],"version-history":[{"count":1,"href":"https:\/\/oekosozial.at\/kaernten\/wp-json\/wp\/v2\/posts\/432\/revisions"}],"predecessor-version":[{"id":433,"href":"https:\/\/oekosozial.at\/kaernten\/wp-json\/wp\/v2\/posts\/432\/revisions\/433"}],"wp:attachment":[{"href":"https:\/\/oekosozial.at\/kaernten\/wp-json\/wp\/v2\/media?parent=432"}],"wp:term":[{"taxonomy":"category","embeddable":true,"href":"https:\/\/oekosozial.at\/kaernten\/wp-json\/wp\/v2\/categories?post=432"},{"taxonomy":"post_tag","embeddable":true,"href":"https:\/\/oekosozial.at\/kaernten\/wp-json\/wp\/v2\/tags?post=432"}],"curies":[{"name":"wp","href":"https:\/\/api.w.org\/{rel}","templated":true}]}}